{"id":2175,"date":"2013-08-30T02:00:00","date_gmt":"2013-08-29T22:00:00","guid":{"rendered":"http:\/\/lemotdujour.fr\/?p=2175"},"modified":"2017-05-20T16:01:43","modified_gmt":"2017-05-20T14:01:43","slug":"vendredi-30-aout-2013","status":"publish","type":"post","link":"https:\/\/lemotdujour.fr\/?p=2175","title":{"rendered":"Vendredi 30 ao\u00fbt 2013"},"content":{"rendered":"<div class=\"mdjDate\">Vendredi 30 ao\u00fbt 2013<\/div>\n<div class=\"mdjTexte\">\u00ab Si tu ne cherches pas l\u2019inesp\u00e9r\u00e9, tu ne le trouveras pas. \u00bb<\/div>\n<div class=\"mdjAuteur\">H\u00e9raclite<\/div>\n<div class=\"mdjComplements\">Comme je suis persuad\u00e9 qu&rsquo;un grand nombre d&rsquo;entre vous n&rsquo;a pas eu la disponibilit\u00e9 de lire l&rsquo;article d&rsquo;Edgar Morin jusqu&rsquo;au bout (mot du jour du 27\/08\/2013), je m&rsquo;inspire de la conclusion de l&rsquo;article pour le mot du jour d&rsquo;aujourd&rsquo;hui.<\/div>\n<div class=\"mdjComplements\">H\u00e9raclite est un philosophe pr\u00e9socratique, wikipedia donne, entre autres, les informations suivantes : \u00ab\u00a0H\u00e9raclite naquit \u00e0 \u00c9ph\u00e8se dans la seconde moiti\u00e9 du VIe si\u00e8cle av. J.-C., vers 544-541 av. J.-C. D&rsquo;apr\u00e8s Aristote, il serait mort \u00e0 l&rsquo;\u00e2ge de 60 ans, donc vers 480 av. J.-C.<\/div>\n<div class=\"mdjComplements\">Des lettres apocryphes le d\u00e9signent comme un contemporain de Darius Ier ; ce dernier aurait invit\u00e9 H\u00e9raclite \u00e0 sa cour, mais le philosophe refusa l&rsquo;invitation.<\/div>\n<div class=\"mdjComplements\">D&rsquo;autres sources situent sa floraison dans la 80e ou la 81e olympiade ; en effet, selon Strabon, Hermodore, un \u00c9ph\u00e9sien qui avait aid\u00e9 les d\u00e9cemvirs romains pour la confection des Douze Tables, \u00e9tait un ami d&rsquo;H\u00e9raclite.<\/div>\n<div class=\"mdjComplements\">H\u00e9raclite serait donc n\u00e9 apr\u00e8s 510 av. J.-C., et mort autour de 450 av. J.-C. Mais cette derni\u00e8re datation n&rsquo;est g\u00e9n\u00e9ralement pas retenue, car la diff\u00e9rence d&rsquo;\u00e2ge suffirait \u00e0 r\u00e9soudre cette contradiction.<\/div>\n<div class=\"mdjComplements\">Lui-m\u00eame semble avoir \u00e9t\u00e9 pers\u00e9cut\u00e9 pour ath\u00e9isme (mais cette assertion est tardive et on la trouve chez des auteurs chr\u00e9tiens, Justin de Naplouse et Ath\u00e9nagoras d&rsquo;Ath\u00e8nes).<\/div>\n<div class=\"mdjComplements\">Il y a unanimit\u00e9 des Anciens sur son lieu de naissance, \u00c9ph\u00e8se<\/div>\n<div class=\"mdjComplements\">Bien avant Socrate, il aurait appliqu\u00e9 \u00e0 la lettre le Connais-toi toi-m\u00eame \u0393\u03bd\u1ff6\u03b8\u03b9 \u03c3\u03b1\u03c5\u03c4\u03cc\u03bd, car, disait-il, \u00ab il faut s&rsquo;\u00e9tudier soi-m\u00eame et tout apprendre par soi-m\u00eame \u00bb<\/div>\n<div class=\"mdjComplements\">Nous ne savons d&rsquo;ailleurs rien de ses ma\u00eetres ; les anciens ne savaient pas o\u00f9 le situer dans la s\u00e9rie des philosophes. Il semble donc avoir \u00e9t\u00e9 un autodidacte.\u00a0\u00bb<\/div>\n","protected":false},"excerpt":{"rendered":"<p>Vendredi 30 ao\u00fbt 2013 \u00ab Si tu ne cherches pas l\u2019inesp\u00e9r\u00e9, tu ne le trouveras pas. \u00bb H\u00e9raclite Comme je suis persuad\u00e9 qu&rsquo;un grand nombre d&rsquo;entre vous n&rsquo;a pas eu la disponibilit\u00e9 de lire l&rsquo;article d&rsquo;Edgar Morin jusqu&rsquo;au bout (mot<\/p>\n","protected":false},"author":1,"featured_media":0,"comment_status":"closed","ping_status":"closed","sticky":false,"template":"","format":"standard","meta":{"footnotes":""},"categories":[1],"tags":[],"class_list":["post-2175","post","type-post","status-publish","format-standard","hentry","category-motdujour"],"_links":{"self":[{"href":"https:\/\/lemotdujour.fr\/index.php?rest_route=\/wp\/v2\/posts\/2175","targetHints":{"allow":["GET"]}}],"collection":[{"href":"https:\/\/lemotdujour.fr\/index.php?rest_route=\/wp\/v2\/posts"}],"about":[{"href":"https:\/\/lemotdujour.fr\/index.php?rest_route=\/wp\/v2\/types\/post"}],"author":[{"embeddable":true,"href":"https:\/\/lemotdujour.fr\/index.php?rest_route=\/wp\/v2\/users\/1"}],"replies":[{"embeddable":true,"href":"https:\/\/lemotdujour.fr\/index.php?rest_route=%2Fwp%2Fv2%2Fcomments&post=2175"}],"version-history":[{"count":1,"href":"https:\/\/lemotdujour.fr\/index.php?rest_route=\/wp\/v2\/posts\/2175\/revisions"}],"predecessor-version":[{"id":2176,"href":"https:\/\/lemotdujour.fr\/index.php?rest_route=\/wp\/v2\/posts\/2175\/revisions\/2176"}],"wp:attachment":[{"href":"https:\/\/lemotdujour.fr\/index.php?rest_route=%2Fwp%2Fv2%2Fmedia&parent=2175"}],"wp:term":[{"taxonomy":"category","embeddable":true,"href":"https:\/\/lemotdujour.fr\/index.php?rest_route=%2Fwp%2Fv2%2Fcategories&post=2175"},{"taxonomy":"post_tag","embeddable":true,"href":"https:\/\/lemotdujour.fr\/index.php?rest_route=%2Fwp%2Fv2%2Ftags&post=2175"}],"curies":[{"name":"wp","href":"https:\/\/api.w.org\/{rel}","templated":true}]}}