{"id":2173,"date":"2013-08-29T02:00:00","date_gmt":"2013-08-28T22:00:00","guid":{"rendered":"http:\/\/lemotdujour.fr\/?p=2173"},"modified":"2017-05-20T16:01:42","modified_gmt":"2017-05-20T14:01:42","slug":"jeudi-29-aout-2013","status":"publish","type":"post","link":"https:\/\/lemotdujour.fr\/?p=2173","title":{"rendered":"Jeudi 29 ao\u00fbt 2013"},"content":{"rendered":"<div class=\"mdjDate\">Jeudi 29 ao\u00fbt 2013<\/div>\n<div class=\"mdjTexte\">\u00ab Le progr\u00e8s n\u2019est plus vu comme un soulagement, mais comme un souci \u00bb<\/div>\n<div class=\"mdjAuteur\">Etienne Klein<\/div>\n<div class=\"mdjComplements\">\u00c9tienne Klein est un physicien fran\u00e7ais n\u00e9 le 1er avril 1958.<\/div>\n<div class=\"mdjComplements\">Il est directeur de recherche au CEA et dirige actuellement le Laboratoire des Recherches sur les Sciences de la Mati\u00e8re, install\u00e9 \u00e0 Saclay.<\/div>\n<div class=\"mdjComplements\">Il a particip\u00e9 \u00e0 divers grands projets, en particulier la mise au point du proc\u00e9d\u00e9 de s\u00e9paration isotopique par laser et l\u2019\u00e9tude d\u2019un acc\u00e9l\u00e9rateur \u00e0 cavit\u00e9s supraconductrices.<\/div>\n<div class=\"mdjComplements\">Au CERN, il a particip\u00e9 \u00e0 la conception du grand collisionneur de particules europ\u00e9en, le LHC2.<\/div>\n<div class=\"mdjComplements\">Il a enseign\u00e9 pendant plusieurs ann\u00e9es la physique quantique et la physique des particules \u00e0 l\u2019\u00c9cole Centrale Paris, et est actuellement professeur de philosophie des sciences.<\/div>\n<div class=\"mdjComplements\">Il est sp\u00e9cialiste de la question du temps en physique, et l\u2019auteur de nombreux essais.<\/div>\n<div class=\"mdjComplements\">Il est par ailleurs membre du Conseil scientifique de l\u2019Office parlementaire d\u2019\u00e9valuation des choix scientifiques et technologiques (OPECST) et chroniqueur \u00e0 France Culture.<\/div>\n<div class=\"mdjComplements\">Voici l&rsquo;article des Echos rapportant ces propos : <a href=\"http:\/\/www.lesechos.fr\/politique-societe\/dossiers\/les-grands-temoins-de-la-rentree-2013\/0202961306460-etienne-klein-le-progres-n-est-plus-vu-comme-un-soulagement-mais-comme-un-souci-598497.php\">http:\/\/www.lesechos.fr\/politique-societe\/dossiers\/les-grands-temoins-de-la-rentree-2013\/0202961306460-etienne-klein-le-progres-n-est-plus-vu-comme-un-soulagement-mais-comme-un-souci-598497.php<\/a><\/div>\n","protected":false},"excerpt":{"rendered":"<p>Jeudi 29 ao\u00fbt 2013 \u00ab Le progr\u00e8s n\u2019est plus vu comme un soulagement, mais comme un souci \u00bb Etienne Klein \u00c9tienne Klein est un physicien fran\u00e7ais n\u00e9 le 1er avril 1958. Il est directeur de recherche au CEA et dirige<\/p>\n","protected":false},"author":1,"featured_media":0,"comment_status":"closed","ping_status":"closed","sticky":false,"template":"","format":"standard","meta":{"footnotes":""},"categories":[1],"tags":[],"class_list":["post-2173","post","type-post","status-publish","format-standard","hentry","category-motdujour"],"_links":{"self":[{"href":"https:\/\/lemotdujour.fr\/index.php?rest_route=\/wp\/v2\/posts\/2173","targetHints":{"allow":["GET"]}}],"collection":[{"href":"https:\/\/lemotdujour.fr\/index.php?rest_route=\/wp\/v2\/posts"}],"about":[{"href":"https:\/\/lemotdujour.fr\/index.php?rest_route=\/wp\/v2\/types\/post"}],"author":[{"embeddable":true,"href":"https:\/\/lemotdujour.fr\/index.php?rest_route=\/wp\/v2\/users\/1"}],"replies":[{"embeddable":true,"href":"https:\/\/lemotdujour.fr\/index.php?rest_route=%2Fwp%2Fv2%2Fcomments&post=2173"}],"version-history":[{"count":1,"href":"https:\/\/lemotdujour.fr\/index.php?rest_route=\/wp\/v2\/posts\/2173\/revisions"}],"predecessor-version":[{"id":2174,"href":"https:\/\/lemotdujour.fr\/index.php?rest_route=\/wp\/v2\/posts\/2173\/revisions\/2174"}],"wp:attachment":[{"href":"https:\/\/lemotdujour.fr\/index.php?rest_route=%2Fwp%2Fv2%2Fmedia&parent=2173"}],"wp:term":[{"taxonomy":"category","embeddable":true,"href":"https:\/\/lemotdujour.fr\/index.php?rest_route=%2Fwp%2Fv2%2Fcategories&post=2173"},{"taxonomy":"post_tag","embeddable":true,"href":"https:\/\/lemotdujour.fr\/index.php?rest_route=%2Fwp%2Fv2%2Ftags&post=2173"}],"curies":[{"name":"wp","href":"https:\/\/api.w.org\/{rel}","templated":true}]}}