{"id":2171,"date":"2013-08-28T02:00:00","date_gmt":"2013-08-27T22:00:00","guid":{"rendered":"http:\/\/lemotdujour.fr\/?p=2171"},"modified":"2022-03-25T10:04:07","modified_gmt":"2022-03-25T09:04:07","slug":"mercredi-28-aout-2013","status":"publish","type":"post","link":"https:\/\/lemotdujour.fr\/?p=2171","title":{"rendered":"Mercredi 28 ao\u00fbt 2013"},"content":{"rendered":"<div class=\"mdjTexte\">\u00ab Je fais le r\u00eave qu&rsquo;un jour cette nation se l\u00e8ve et vive la vraie signification de sa croyance : nous tenons ces v\u00e9rit\u00e9s comme \u00e9videntes que tous les hommes naissent \u00e9gaux. Et si l&rsquo;Am\u00e9rique est une grande nation ceci doit se faire\u2026\u00bb<\/div>\n<div class=\"mdjAuteur\">Martin Luther King \u00ab I have a dream \u00bb 28 ao\u00fbt 1963, il y a 50 ans.<\/div>\n<p><span style=\"color: #777777; font-family: Arial;\">Ce discours, prononc\u00e9 le 28 ao\u00fbt 1963, devant le Lincoln Memorial, \u00e0 Washington D.C., est g\u00e9n\u00e9ralement consid\u00e9r\u00e9 comme l&rsquo;un des plus grands et des plus marquants du XXe si\u00e8cle.<br \/>\n<\/span><\/p>\n<p><span style=\"color: #777777; font-family: Arial;\">Selon le d\u00e9put\u00e9 am\u00e9ricain John Lewis, qui prit \u00e9galement la parole ce jour-l\u00e0 au nom du Comit\u00e9 de coordination des \u00e9tudiants non violents : \u00ab En parlant comme il l&rsquo;a fait, il a \u00e9duqu\u00e9, il a inspir\u00e9, il a guid\u00e9 non pas simplement les gens qui \u00e9taient l\u00e0, mais les gens partout en Am\u00e9rique ainsi que les g\u00e9n\u00e9rations \u00e0 venir \u00bb (source Wikipedia)<br \/>\n<\/span><\/p>\n<p><span style=\"color: #777777; font-family: Arial;\">Le journal <a href=\"https:\/\/www.lesechos.fr\/idees-debats\/cercle\/0301516501041-i-have-a-dream-les-secrets-dun-discours-mythique-2166372.php\">&lt;<span style=\"color: #0000ff;\">Les Echos&gt;<\/span><\/a> raconte les secrets de ce discours : \u00ab Ce 28 ao\u00fbt 1963, en s&rsquo;avan\u00e7ant face au public mass\u00e9 pour le plus grand rassemblement pour les droits civiques jamais organis\u00e9, Martin Luther King sait qu&rsquo;il doit marquer les esprits. La veille, des heures durant et jusque tard dans la nuit, il pr\u00e9parera son discours avec l&rsquo;aide de ses fid\u00e8les compagnons de lutte.<br \/>\n<\/span><\/p>\n<p><span style=\"color: #777777; font-family: Arial;\">Pourtant, le lendemain, <strong>aucune mention du passage mythique \u00ab I have a dream \u00bb ne figure sur ses notes<\/strong>. Et pour cause, la veille, <strong>son chef de cabinet, Wyatt Tee Walker, lui avait dit de ne pas utiliser cette expression<\/strong> : \u00ab Elle est banale, c&rsquo;est un clich\u00e9. Tu l&rsquo;as d\u00e9j\u00e0 utilis\u00e9e trop de fois \u00bb. Car contrairement \u00e0 une id\u00e9e re\u00e7ue, si Martin Luther King a bien improvis\u00e9 ce passage, il avait employ\u00e9 cette expression, et les d\u00e9veloppements associ\u00e9s, lors de pr\u00e9c\u00e9dentes prises de parole publiques.<br \/>\n<\/span><\/p>\n<p><span style=\"color: #777777; font-family: Arial;\">Mais, ce jour-l\u00e0<strong>, \u00e0 la douzi\u00e8me minute de son intervention, quand Mahalia Jackson, la chanteuse et amie de Martin Luther King, situ\u00e9e debout derri\u00e8re lui, crie \u00ab Martin, raconte-leur l&rsquo;histoire \u00e0 propos de ce r\u00eave \u00bb,<\/strong> le discours bascule dans la l\u00e9gende.<br \/>\n<\/span><\/p>\n<p><span style=\"color: #777777; font-family: Arial;\">Sur les images t\u00e9l\u00e9vis\u00e9es, on observe tr\u00e8s distinctement le moment o\u00f9 il se d\u00e9tache de ses notes et o\u00f9 sa t\u00eate se rel\u00e8ve en affirmant : \u00ab Je vous le dis ici et maintenant, mes amis, bien que, oui, bien que nous ayons \u00e0 faire face \u00e0 des difficult\u00e9s aujourd&rsquo;hui et demain je fais toujours ce r\u00eave \u00bb. A partir de ce moment, il regarde l&rsquo;audience droit dans les yeux et se concentre non sur un effort de lecture mais sur le message qu&rsquo;il souhaite faire passer.<br \/>\n<\/span><\/p>\n<p><span style=\"color: #777777; font-family: Arial;\">Au d\u00e9but de son intervention, gr\u00e2ce \u00e0 une m\u00e9taphore fil\u00e9e, il \u00e9voque ainsi l&rsquo;image d&rsquo;un ch\u00e8que de banque que les Noirs am\u00e9ricains sont venus demander \u00e0 l&rsquo;Etat am\u00e9ricain, ch\u00e8que sur lequel figure le droit inali\u00e9nable \u00e0 la vie, \u00e0 la libert\u00e9 et \u00e0 la poursuite du bonheur. Cette proximit\u00e9 avec les besoins de l&rsquo;audience fait \u00e9cho \u00e0 la vision et aux id\u00e9aux qu&rsquo;il poursuit depuis son enfance. En partageant cette promesse de justice sociale, il appelle \u00e0 changer le cours des choses et faire de ce r\u00eave une r\u00e9alit\u00e9.<br \/>\n<\/span><\/p>\n<p><span style=\"color: #777777; font-family: Arial;\">Sur la forme, le discours est aussi un chef-d&rsquo;\u0153uvre avec l&rsquo;utilisation de proc\u00e9d\u00e9s rh\u00e9toriques qui mettent parfaitement en valeur ses propos. Martin Luther King savait que la r\u00e9p\u00e9tition, notamment via le proc\u00e9d\u00e9 de l&rsquo;anaphore qui consiste \u00e0 r\u00e9p\u00e9ter un ou plusieurs mots en d\u00e9but de phrase, permettait de marquer les esprits.<br \/>\n<\/span><\/p>\n<p><span style=\"color: #777777; font-family: Arial;\">Ainsi, comme s&rsquo;il r\u00e9citait une po\u00e9sie, il prononce huit fois de suite \u00ab I have a dream \u00bb ainsi que l&rsquo;expression \u00ab Let freedom ring \u00bb (\u00ab Que la libert\u00e9 retentisse \u00bb, en fran\u00e7ais) \u00e0 la fin de son discours. Provoquant le m\u00eame effet qu&rsquo;un refrain, ces mots rythment le discours et favorisent ainsi sa m\u00e9morisation. \u00bb<br \/>\n<\/span><\/p>\n<p><img loading=\"lazy\" decoding=\"async\" class=\"alignleft\" src=\"https:\/\/lemotdujour.fr\/wp-content\/uploads\/2018\/04\/040518_2124_Mercredi28a1.jpg\" alt=\"\" width=\"551\" height=\"304\" align=\"left\"><span style=\"color: #777777; font-family: Arial;\">Vous pouvez retrouver le texte int\u00e9gral de ce discours sur ce site : <a href=\"http:\/\/www.jeuneafrique.com\/168911\/politique\/i-have-a-dream-le-texte-int-gral-en-fran-ais-du-discours-de-martin-luther-king\/\"><span style=\"color: #0000ff;\">&lt;Jeune Afrique&gt;<\/span><\/a><br \/>\n<\/span><\/p>\n<p style=\"margin-left: 28pt;\"><span style=\"color: #c00000; font-family: Arial;\"><strong>\u00ab I have a dream \u00bb (extraits)<br \/>\n<\/strong><\/span><\/p>\n<p style=\"margin-left: 28pt;\"><span style=\"color: #c00000; font-family: Arial;\">\u00abRetournez dans le Mississippi, retournez en Alabama, retournez en Caroline du Sud, retournez en Georgie, retournez en Louisiane, retournez dans les taudis et les ghettos des villes du Nord, sachant que de quelque mani\u00e8re que ce soit cette situation peut et va changer. Ne croupissons pas dans la vall\u00e9e du d\u00e9sespoir.<br \/>\n<\/span><\/p>\n<p style=\"margin-left: 28pt;\"><span style=\"color: #c00000; font-family: Arial;\">Je vous le dis ici et maintenant, mes amis, bien que, oui, bien que nous ayons \u00e0 faire face \u00e0 des difficult\u00e9s aujourd&rsquo;hui et demain je fais toujours ce r\u00eave : c&rsquo;est un r\u00eave profond\u00e9ment ancr\u00e9 dans l&rsquo;id\u00e9al am\u00e9ricain.<br \/>\n<\/span><\/p>\n<p style=\"margin-left: 28pt;\"><span style=\"color: #c00000; font-family: Arial;\"><strong>Je fais le r\u00eave qu&rsquo;un jour cette nation se l\u00e8ve et vive la vraie signification de sa croyance : nous tenons ces v\u00e9rit\u00e9s comme \u00e9videntes que tous les hommes naissent \u00e9gaux.<br \/>\n<\/strong><\/span><\/p>\n<p style=\"margin-left: 28pt;\"><span style=\"color: #c00000; font-family: Arial;\">Je r\u00eave qu&rsquo;un jour sur les collines rousses de Georgie les fils d&rsquo;anciens esclaves et ceux d&rsquo;anciens propri\u00e9taires d&rsquo;esclaves pourront s&rsquo;asseoir ensemble \u00e0 la table de la fraternit\u00e9.<br \/>\n<\/span><\/p>\n<p style=\"margin-left: 28pt;\"><span style=\"color: #c00000; font-family: Arial;\">Je r\u00eave qu&rsquo;un jour, m\u00eame l&rsquo;Etat du Mississippi, un Etat o\u00f9 br\u00fblent les feux de l&rsquo;injustice et de l&rsquo;oppression, sera transform\u00e9 en un oasis de libert\u00e9 et de justice.<br \/>\n<\/span><\/p>\n<p style=\"margin-left: 28pt;\"><span style=\"color: #c00000; font-family: Arial;\">Je r\u00eave que mes quatre petits-enfants vivront un jour dans une nation o\u00f9 ils ne seront pas jug\u00e9s sur la couleur de leur peau, mais sur la valeur de leur caract\u00e8re. Je fais aujourd&rsquo;hui un r\u00eave !<br \/>\n<\/span><\/p>\n<p style=\"margin-left: 28pt;\"><span style=\"color: #c00000; font-family: Arial;\">Je r\u00eave qu&rsquo;un jour, m\u00eame en Alabama, avec ses abominables racistes, avec son gouverneur \u00e0 la bouche pleine des mots \u00a0\u00bb opposition \u00a0\u00bb et \u00a0\u00bb annulation \u00a0\u00bb des lois f\u00e9d\u00e9rales, que l\u00e0 m\u00eame en Alabama, un jour les petits gar\u00e7ons noirs et les petites filles blanches pourront se donner la main, comme fr\u00e8res et s\u0153urs. Je fais aujourd&rsquo;hui un r\u00eave !<br \/>\n<\/span><\/p>\n<p style=\"margin-left: 28pt;\"><span style=\"color: #c00000; font-family: Arial;\">Je r\u00eave qu&rsquo;un jour toute la vall\u00e9e sera relev\u00e9e, toute colline et toute montagne seront rabaiss\u00e9es, les endroits escarp\u00e9s seront aplanis et les chemins tortueux redress\u00e9s, la gloire du Seigneur sera r\u00e9v\u00e9l\u00e9e \u00e0 tout \u00eatre fait de chair.<br \/>\n<\/span><\/p>\n<p style=\"margin-left: 28pt;\"><span style=\"color: #c00000; font-family: Arial;\">Telle est notre esp\u00e9rance. C&rsquo;est la foi avec laquelle je retourne dans le Sud.<br \/>\n<\/span><\/p>\n<p style=\"margin-left: 28pt;\"><span style=\"color: #c00000; font-family: Arial;\">Avec cette foi, nous serons capables de distinguer dans la montagne du d\u00e9sespoir une pierre d&rsquo;esp\u00e9rance. Avec cette foi, nous serons capables de transformer les discordes criardes de notre nation en une superbe symphonie de fraternit\u00e9.<br \/>\n<\/span><\/p>\n<p style=\"margin-left: 28pt;\"><span style=\"color: #c00000; font-family: Arial;\">Avec cette foi, nous serons capables de travailler ensemble, de prier ensemble, de lutter ensemble, d&rsquo;aller en prison ensemble, de d\u00e9fendre la cause de la libert\u00e9 ensemble, en sachant qu&rsquo;un jour, nous serons libres. Ce sera le jour o\u00f9 tous les enfants de Dieu pourront chanter ces paroles qui auront alors un nouveau sens : \u00a0\u00bb Mon pays, c&rsquo;est toi, douce terre de libert\u00e9, c&rsquo;est toi que je chante. Terre o\u00f9 sont morts mes p\u00e8res, terre dont les p\u00e8lerins \u00e9taient fiers, que du flanc de chacune de tes montagnes, sonne la cloche de la libert\u00e9 ! \u00a0\u00bb<br \/>\n<\/span><\/p>\n<p style=\"margin-left: 28pt;\"><span style=\"color: #c00000; font-family: Arial;\"><strong>Et si l&rsquo;Am\u00e9rique est une grande nation ceci doit se faire\u2026.<br \/>\n<\/strong><\/span><\/p>\n<p style=\"margin-left: 28pt;\"><span style=\"color: #c00000; font-family: Arial;\">Que la cloche de la libert\u00e9 sonne du haut des merveilleuses collines du New Hampshire !<br \/>\nQue la cloche de la libert\u00e9 sonne du haut des montagnes grandioses de l&rsquo;Etat de New-York !<br \/>\nQue la cloche de la libert\u00e9 sonne du haut des sommets des Alleghanys de Pennsylvanie !<br \/>\nQue la cloche de la libert\u00e9 sonne du haut des cimes neigeuses des montagnes rocheuses du Colorado !<br \/>\nQue la cloche de la libert\u00e9 sonne depuis les pentes harmonieuses de la Californie !<br \/>\n<\/span><\/p>\n<p style=\"margin-left: 28pt;\"><span style=\"color: #c00000; font-family: Arial;\">Mais cela ne suffit pas.<br \/>\n<\/span><\/p>\n<p style=\"margin-left: 28pt;\"><span style=\"color: #c00000; font-family: Arial;\">Que la cloche de la libert\u00e9 sonne du haut du mont Stone de Georgie !<br \/>\nQue la cloche de la libert\u00e9 sonne du haut du mont Lookout du Tennessee !<br \/>\nQue la cloche de la libert\u00e9 sonne du haut de chaque colline et de chaque butte du Mississippi ! Du flanc de chaque montagne, que sonne le cloche de la libert\u00e9 !<br \/>\n<\/span><\/p>\n<p style=\"margin-left: 28pt;\"><span style=\"color: #c00000; font-family: Arial;\">Quand nous permettrons \u00e0 la cloche de la libert\u00e9 de sonner dans chaque village, dans chaque hameau, dans chaque ville et dans chaque Etat, nous pourrons f\u00eater le jour o\u00f9 tous les enfants de Dieu, les Noirs et les Blancs, les Juifs et les non-Juifs, les Protestants et les Catholiques, pourront se donner la main et chanter les paroles du vieux Negro Spiritual : \u00a0\u00bb Enfin libres, enfin libres, gr\u00e2ce en soit rendue au Dieu tout puissant, nous sommes enfin libres ! \u00ab\u00a0. \u00bb<br \/>\n<\/span><\/p>\n<p><a href=\"https:\/\/www.youtube.com\/watch?v=jqOfuZzgIP4\"><span style=\"font-family: Arial;\"><span style=\"color: #0000ff;\">&lt;Et voici la vid\u00e9o de ce discours mythique&gt;<\/span><br \/>\n<\/span><\/a><\/p>\n<p><span style=\"color: #c00000; font-family: Arial;\">&lt;145&gt;<\/span><\/p>\n","protected":false},"excerpt":{"rendered":"<p>\u00ab Je fais le r\u00eave qu&rsquo;un jour cette nation se l\u00e8ve et vive la vraie signification de sa croyance : nous tenons ces v\u00e9rit\u00e9s comme \u00e9videntes que tous les hommes naissent \u00e9gaux. Et si l&rsquo;Am\u00e9rique est une grande nation ceci<\/p>\n","protected":false},"author":1,"featured_media":0,"comment_status":"closed","ping_status":"closed","sticky":false,"template":"","format":"standard","meta":{"footnotes":""},"categories":[1],"tags":[65,54,3],"class_list":["post-2171","post","type-post","status-publish","format-standard","hentry","category-motdujour","tag-etats-unis","tag-humanisme","tag-politique"],"_links":{"self":[{"href":"https:\/\/lemotdujour.fr\/index.php?rest_route=\/wp\/v2\/posts\/2171","targetHints":{"allow":["GET"]}}],"collection":[{"href":"https:\/\/lemotdujour.fr\/index.php?rest_route=\/wp\/v2\/posts"}],"about":[{"href":"https:\/\/lemotdujour.fr\/index.php?rest_route=\/wp\/v2\/types\/post"}],"author":[{"embeddable":true,"href":"https:\/\/lemotdujour.fr\/index.php?rest_route=\/wp\/v2\/users\/1"}],"replies":[{"embeddable":true,"href":"https:\/\/lemotdujour.fr\/index.php?rest_route=%2Fwp%2Fv2%2Fcomments&post=2171"}],"version-history":[{"count":4,"href":"https:\/\/lemotdujour.fr\/index.php?rest_route=\/wp\/v2\/posts\/2171\/revisions"}],"predecessor-version":[{"id":13456,"href":"https:\/\/lemotdujour.fr\/index.php?rest_route=\/wp\/v2\/posts\/2171\/revisions\/13456"}],"wp:attachment":[{"href":"https:\/\/lemotdujour.fr\/index.php?rest_route=%2Fwp%2Fv2%2Fmedia&parent=2171"}],"wp:term":[{"taxonomy":"category","embeddable":true,"href":"https:\/\/lemotdujour.fr\/index.php?rest_route=%2Fwp%2Fv2%2Fcategories&post=2171"},{"taxonomy":"post_tag","embeddable":true,"href":"https:\/\/lemotdujour.fr\/index.php?rest_route=%2Fwp%2Fv2%2Ftags&post=2171"}],"curies":[{"name":"wp","href":"https:\/\/api.w.org\/{rel}","templated":true}]}}