{"id":2169,"date":"2013-08-27T02:00:00","date_gmt":"2013-08-26T22:00:00","guid":{"rendered":"http:\/\/lemotdujour.fr\/?p=2169"},"modified":"2017-07-14T18:16:31","modified_gmt":"2017-07-14T16:16:31","slug":"mardi-27-aout-2013","status":"publish","type":"post","link":"https:\/\/lemotdujour.fr\/?p=2169","title":{"rendered":"Mardi 27 ao\u00fbt 2013"},"content":{"rendered":"<div class=\"mdjDate\">Mardi 27 ao\u00fbt 2013<\/div>\n<div class=\"mdjTexte\">\u00abL\u00e0 o\u00f9 cro\u00eet le p\u00e9ril<br \/>\ncro\u00eet aussi ce qui sauve.\u00bb<\/div>\n<div class=\"mdjAuteur\">H\u00f6lderlin<\/div>\n<div class=\"mdjComplements\">Mediapart est un journal \u00e9patant qui ne sort pas que des scoops mais aussi des articles de grands penseurs comme Edgar Morin. Ce journal a publi\u00e9 un article <span style=\"color: #0000ff;\">\u00ab<a href=\"https:\/\/www.mediapart.fr\/journal\/culture-idees\/240813\/l-alarme-d-edgar-morin\"><span style=\"color: #0000ff;\">L\u2019alarme d\u2019Edgar Morin<\/span><\/a>\u00bb<\/span> le 25 ao\u00fbt 2013.<\/div>\n<div class=\"mdjComplements\">Ce vers de H\u00f6lderlin est souvent cit\u00e9 par Morin.<\/div>\n<div class=\"mdjComplements\">Dans l&rsquo;article (Il faut \u00eatre abonn\u00e9 \u00e0 Mediapart, si ce n&rsquo;est d\u00e9j\u00e0 fait je vous conseille de vous abonner), Edgar Morin exprime cet avis :<\/div>\n<div class=\"mdjCiter\">\u00ab\u00a0Je ne suis pas encore d\u00e9sesp\u00e9r\u00e9.<\/div>\n<div class=\"mdjCiter\">J\u2019attends encore parce que je fais le pari que l\u2019aggravation de la situation sur tous les plans, qui prendra des formes que je ne connais pas, pourrait provoquer un sursaut, une prise de conscience chez le pr\u00e9sident. Voil\u00e0 pourquoi je ne d\u00e9sesp\u00e8re pas.<\/div>\n<div class=\"mdjCiter\">Mais je reste inquiet. Le pr\u00e9sident Hollande, nourri dans le s\u00e9rail du Parti socialiste, vient d\u2019un parti qui a perdu sa pens\u00e9e, celle qu\u2019il avait h\u00e9rit\u00e9 des grands r\u00e9formistes du d\u00e9but du XXe si\u00e8cle. Nous avons besoin d\u2019une repens\u00e9e politique et les obstacles \u00e0 cette repens\u00e9e politique sont \u00e9normes.<\/div>\n<div class=\"mdjCiter\">Cela tient d\u2019abord \u00e0 l\u2019\u00e9ducation, pas seulement celle de l\u2019ENA, mais aussi l\u2019\u00e9ducation ant\u00e9rieure, du lyc\u00e9e, de l\u2019universit\u00e9, o\u00f9 les connaissances sont compartiment\u00e9es et dispers\u00e9es alors qu\u2019\u00e9videmment, on a besoin aujourd\u2019hui d\u2019une pens\u00e9e complexe, qui puisse relier les connaissances et affronter les probl\u00e8mes.<\/div>\n<div class=\"mdjCiter\">Manquent les capacit\u00e9s d\u2019avoir une pens\u00e9e globale sur les probl\u00e8mes fondamentaux.<\/div>\n<div class=\"mdjCiter\">Or nos hommes politiques ne se cultivent plus, ils n\u2019ont plus le temps, leur connaissance du monde est fournie par des sp\u00e9cialistes et des experts dont la vue est \u00e9videmment born\u00e9e \u00e0 un domaine clos et il n\u2019y a personne pour faire la synth\u00e8se. Ils vivent au jour le jour, press\u00e9s par l\u2019\u00e9v\u00e9nement. Vous connaissez ma formule : \u00e0 force d\u2019oublier l\u2019essentiel pour l\u2019urgence, de faire de l\u2019urgence l\u2019essentiel, on finit par oublier l\u2019urgence de l\u2019essentiel \u2026\u00bb<\/div>\n<div><span style=\"color: #800000;\">&lt;144&gt;<\/span><\/div>\n","protected":false},"excerpt":{"rendered":"<p>Mardi 27 ao\u00fbt 2013 \u00abL\u00e0 o\u00f9 cro\u00eet le p\u00e9ril cro\u00eet aussi ce qui sauve.\u00bb H\u00f6lderlin Mediapart est un journal \u00e9patant qui ne sort pas que des scoops mais aussi des articles de grands penseurs comme Edgar Morin. Ce journal a<\/p>\n","protected":false},"author":1,"featured_media":0,"comment_status":"closed","ping_status":"closed","sticky":false,"template":"","format":"standard","meta":{"footnotes":""},"categories":[1],"tags":[6,3],"class_list":["post-2169","post","type-post","status-publish","format-standard","hentry","category-motdujour","tag-philosophie","tag-politique"],"_links":{"self":[{"href":"https:\/\/lemotdujour.fr\/index.php?rest_route=\/wp\/v2\/posts\/2169","targetHints":{"allow":["GET"]}}],"collection":[{"href":"https:\/\/lemotdujour.fr\/index.php?rest_route=\/wp\/v2\/posts"}],"about":[{"href":"https:\/\/lemotdujour.fr\/index.php?rest_route=\/wp\/v2\/types\/post"}],"author":[{"embeddable":true,"href":"https:\/\/lemotdujour.fr\/index.php?rest_route=\/wp\/v2\/users\/1"}],"replies":[{"embeddable":true,"href":"https:\/\/lemotdujour.fr\/index.php?rest_route=%2Fwp%2Fv2%2Fcomments&post=2169"}],"version-history":[{"count":4,"href":"https:\/\/lemotdujour.fr\/index.php?rest_route=\/wp\/v2\/posts\/2169\/revisions"}],"predecessor-version":[{"id":2776,"href":"https:\/\/lemotdujour.fr\/index.php?rest_route=\/wp\/v2\/posts\/2169\/revisions\/2776"}],"wp:attachment":[{"href":"https:\/\/lemotdujour.fr\/index.php?rest_route=%2Fwp%2Fv2%2Fmedia&parent=2169"}],"wp:term":[{"taxonomy":"category","embeddable":true,"href":"https:\/\/lemotdujour.fr\/index.php?rest_route=%2Fwp%2Fv2%2Fcategories&post=2169"},{"taxonomy":"post_tag","embeddable":true,"href":"https:\/\/lemotdujour.fr\/index.php?rest_route=%2Fwp%2Fv2%2Ftags&post=2169"}],"curies":[{"name":"wp","href":"https:\/\/api.w.org\/{rel}","templated":true}]}}