{"id":2155,"date":"2013-07-16T02:00:00","date_gmt":"2013-07-15T22:00:00","guid":{"rendered":"http:\/\/lemotdujour.fr\/?p=2155"},"modified":"2017-08-21T14:26:20","modified_gmt":"2017-08-21T12:26:20","slug":"mardi-16-juillet-2013","status":"publish","type":"post","link":"https:\/\/lemotdujour.fr\/?p=2155","title":{"rendered":"Mardi 16 juillet 2013"},"content":{"rendered":"<div class=\"mdjDate\">Mardi 16 juillet 2013<\/div>\n<div class=\"mdjTexte\">\u00abLe tourisme est l&rsquo;industrie qui consiste \u00e0 transporter des gens qui seraient mieux chez eux, dans des endroits qui seraient mieux sans eux.\u00bb<\/div>\n<div class=\"mdjAuteur\">Jean Mistler\u00a0 cit\u00e9 par Philippe Meyer dans son \u00e9mission Esprit Public<\/div>\n<div class=\"mdjComplements\">C&rsquo;est les vacances.<\/div>\n<div class=\"mdjComplements\">Un mot du jour pol\u00e9mique pour faire r\u00e9fl\u00e9chir sur le tourisme de masse.<\/div>\n<div>Jean Mistler \u00e9tait un \u00e9<span style=\"font-size: medium;\">crivain, critique et homme politique fran\u00e7ais qui fut membre de l&rsquo;Acad\u00e9mie Fran\u00e7aise (1897-1988).<\/span><\/div>\n<div><span style=\"color: #800000;\">&lt;137&gt;<\/span><\/div>\n","protected":false},"excerpt":{"rendered":"<p>Mardi 16 juillet 2013 \u00abLe tourisme est l&rsquo;industrie qui consiste \u00e0 transporter des gens qui seraient mieux chez eux, dans des endroits qui seraient mieux sans eux.\u00bb Jean Mistler\u00a0 cit\u00e9 par Philippe Meyer dans son \u00e9mission Esprit Public C&rsquo;est les<\/p>\n","protected":false},"author":1,"featured_media":0,"comment_status":"closed","ping_status":"closed","sticky":false,"template":"","format":"standard","meta":{"footnotes":""},"categories":[1],"tags":[7,11],"class_list":["post-2155","post","type-post","status-publish","format-standard","hentry","category-motdujour","tag-societe","tag-sociologie"],"_links":{"self":[{"href":"https:\/\/lemotdujour.fr\/index.php?rest_route=\/wp\/v2\/posts\/2155","targetHints":{"allow":["GET"]}}],"collection":[{"href":"https:\/\/lemotdujour.fr\/index.php?rest_route=\/wp\/v2\/posts"}],"about":[{"href":"https:\/\/lemotdujour.fr\/index.php?rest_route=\/wp\/v2\/types\/post"}],"author":[{"embeddable":true,"href":"https:\/\/lemotdujour.fr\/index.php?rest_route=\/wp\/v2\/users\/1"}],"replies":[{"embeddable":true,"href":"https:\/\/lemotdujour.fr\/index.php?rest_route=%2Fwp%2Fv2%2Fcomments&post=2155"}],"version-history":[{"count":4,"href":"https:\/\/lemotdujour.fr\/index.php?rest_route=\/wp\/v2\/posts\/2155\/revisions"}],"predecessor-version":[{"id":2932,"href":"https:\/\/lemotdujour.fr\/index.php?rest_route=\/wp\/v2\/posts\/2155\/revisions\/2932"}],"wp:attachment":[{"href":"https:\/\/lemotdujour.fr\/index.php?rest_route=%2Fwp%2Fv2%2Fmedia&parent=2155"}],"wp:term":[{"taxonomy":"category","embeddable":true,"href":"https:\/\/lemotdujour.fr\/index.php?rest_route=%2Fwp%2Fv2%2Fcategories&post=2155"},{"taxonomy":"post_tag","embeddable":true,"href":"https:\/\/lemotdujour.fr\/index.php?rest_route=%2Fwp%2Fv2%2Ftags&post=2155"}],"curies":[{"name":"wp","href":"https:\/\/api.w.org\/{rel}","templated":true}]}}