{"id":2153,"date":"2013-07-15T02:00:00","date_gmt":"2013-07-14T22:00:00","guid":{"rendered":"http:\/\/lemotdujour.fr\/?p=2153"},"modified":"2017-05-20T16:01:32","modified_gmt":"2017-05-20T14:01:32","slug":"lundi-15-juillet-2013","status":"publish","type":"post","link":"https:\/\/lemotdujour.fr\/?p=2153","title":{"rendered":"Lundi 15 juillet 2013"},"content":{"rendered":"<div class=\"mdjDate\">Lundi 15 juillet 2013<\/div>\n<div class=\"mdjTexte\">\u00ab Nos jeunes aiment le luxe, ont de mauvaises mani\u00e8res, se moquent de l\u2019autorit\u00e9 et n\u2019ont aucun respect pour l\u2019\u00e2ge.<br \/>\u00c0 notre \u00e9poque, les enfants sont des tyrans. \u00bb<\/div>\n<div class=\"mdjAuteur\">Socrate<\/div>\n<div class=\"mdjComplements\">Ce mot du jour n&rsquo;est pas \u00e0 prendre au premier degr\u00e9<\/div>\n<div class=\"mdjComplements\">Il est surtout exceptionnel parce qu&rsquo;il est attribu\u00e9 \u00e0 Socrate qui vivait, je le rappelle, au V\u00e8me si\u00e8cle avant JC.<\/div>\n<div class=\"mdjComplements\">Quelle meilleure preuve de la relativit\u00e9 de toute chose et de la vacuit\u00e9 de cette croyance que \u00ab\u00a0c&rsquo;\u00e9tait mieux avant\u00a0\u00bb.<\/div>\n","protected":false},"excerpt":{"rendered":"<p>Lundi 15 juillet 2013 \u00ab Nos jeunes aiment le luxe, ont de mauvaises mani\u00e8res, se moquent de l\u2019autorit\u00e9 et n\u2019ont aucun respect pour l\u2019\u00e2ge.\u00c0 notre \u00e9poque, les enfants sont des tyrans. \u00bb Socrate Ce mot du jour n&rsquo;est pas \u00e0<\/p>\n","protected":false},"author":1,"featured_media":0,"comment_status":"closed","ping_status":"closed","sticky":false,"template":"","format":"standard","meta":{"footnotes":""},"categories":[1],"tags":[],"class_list":["post-2153","post","type-post","status-publish","format-standard","hentry","category-motdujour"],"_links":{"self":[{"href":"https:\/\/lemotdujour.fr\/index.php?rest_route=\/wp\/v2\/posts\/2153","targetHints":{"allow":["GET"]}}],"collection":[{"href":"https:\/\/lemotdujour.fr\/index.php?rest_route=\/wp\/v2\/posts"}],"about":[{"href":"https:\/\/lemotdujour.fr\/index.php?rest_route=\/wp\/v2\/types\/post"}],"author":[{"embeddable":true,"href":"https:\/\/lemotdujour.fr\/index.php?rest_route=\/wp\/v2\/users\/1"}],"replies":[{"embeddable":true,"href":"https:\/\/lemotdujour.fr\/index.php?rest_route=%2Fwp%2Fv2%2Fcomments&post=2153"}],"version-history":[{"count":1,"href":"https:\/\/lemotdujour.fr\/index.php?rest_route=\/wp\/v2\/posts\/2153\/revisions"}],"predecessor-version":[{"id":2154,"href":"https:\/\/lemotdujour.fr\/index.php?rest_route=\/wp\/v2\/posts\/2153\/revisions\/2154"}],"wp:attachment":[{"href":"https:\/\/lemotdujour.fr\/index.php?rest_route=%2Fwp%2Fv2%2Fmedia&parent=2153"}],"wp:term":[{"taxonomy":"category","embeddable":true,"href":"https:\/\/lemotdujour.fr\/index.php?rest_route=%2Fwp%2Fv2%2Fcategories&post=2153"},{"taxonomy":"post_tag","embeddable":true,"href":"https:\/\/lemotdujour.fr\/index.php?rest_route=%2Fwp%2Fv2%2Ftags&post=2153"}],"curies":[{"name":"wp","href":"https:\/\/api.w.org\/{rel}","templated":true}]}}