{"id":2135,"date":"2013-07-02T02:00:00","date_gmt":"2013-07-01T22:00:00","guid":{"rendered":"http:\/\/lemotdujour.fr\/?p=2135"},"modified":"2020-03-30T11:34:25","modified_gmt":"2020-03-30T09:34:25","slug":"mardi-02-juillet-2013","status":"publish","type":"post","link":"https:\/\/lemotdujour.fr\/?p=2135","title":{"rendered":"Mardi 02 juillet 2013"},"content":{"rendered":"<div class=\"mdjDate\">Mardi 02 juillet 2013<\/div>\n<div class=\"mdjTexte\">\u00abDieu se rit des hommes qui se plaignent des cons\u00e9quences alors qu\u2019ils en ch\u00e9rissent les causes.\u00bb<\/div>\n<div class=\"mdjAuteur\">Bossuet<\/div>\n<div class=\"mdjComplements\">Parole particuli\u00e8rement appropri\u00e9e \u00e0 notre temps et \u00e0 toutes nos contradictions et souhaits incompatibles&#8230;<\/div>\n<div>\n<p><img loading=\"lazy\" decoding=\"async\" class=\"size-medium wp-image-8420 alignleft\" src=\"https:\/\/lemotdujour.fr\/wp-content\/uploads\/2013\/07\/Bossuet-267x300.png\" alt=\"\" width=\"267\" height=\"300\" srcset=\"https:\/\/lemotdujour.fr\/wp-content\/uploads\/2013\/07\/Bossuet-267x300.png 267w, https:\/\/lemotdujour.fr\/wp-content\/uploads\/2013\/07\/Bossuet.png 486w\" sizes=\"auto, (max-width: 267px) 100vw, 267px\" \/>Le c\u00e9l\u00e8bre auteur des sermons et oraisons fun\u00e8bre s\u2019appelait <strong>Jacques-B\u00e9nigne Bossuet<\/strong>.<\/p>\n<p>Il est n\u00e9 le 27 septembre 1627 \u00e0 Dijon et d\u00e9c\u00e9d\u00e9 le 12 avril 1704 \u00e0 Paris.<\/p>\n<p>Il fut aussi membre de l&rsquo;Acad\u00e9mie fran\u00e7aise..<\/p>\n<p>Il fut un temps lorrain\u00a0: En 1652, re\u00e7u docteur en th\u00e9ologie, il est ordonn\u00e9 pr\u00eatre et devient l&rsquo;archidiacre de Sarrebourg dans le m\u00eame temps, puis, en 1654, celui de Metz, o\u00f9 il s&rsquo;installe.<\/p>\n<p>Il fut aussi pr\u00e9cepteur du dauphin Louis de France, le fils du roi Louis XIV et de Marie-Th\u00e9r\u00e8se en septembre 1670. Il semble que cette \u00e9pisode fut difficile pour le ma\u00eetre comme pour l\u2019\u00e9l\u00e8ve.<\/p>\n<p>En 1681, lorsque l&rsquo;\u00e9ducation du dauphin est achev\u00e9e, il est nomm\u00e9 \u00e9v\u00eaque de Meaux. Et c\u2019est ainsi qu\u2019on lui donnera aussi pour nom l&rsquo;\u00ab Aigle de Meaux \u00bb.<\/p>\n<p>La plupart de ses discours improvis\u00e9s sont perdus. Quelques heures avant de monter en chaire, il m\u00e9dite son texte, jette sur le papier quelques notes et paroles du Christ, quelques passages des P\u00e8res de l&rsquo;\u00c9glise pour guider sa marche. Quelquefois il dicte rapidement de plus longs morceaux, puis se livre \u00e0 l&rsquo;inspiration du moment, et s&rsquo;\u00e9tonne de l&rsquo;impression qu&rsquo;il produit sur ses auditeurs.<\/p>\n<p>Il ne nous est parvenu que deux cents des quelque cinq ou six cents sermons prononc\u00e9s, car Bossuet ne les consid\u00e9rait pas comme des \u0153uvres litt\u00e9raires dignes d&rsquo;\u00eatre imprim\u00e9es. C&rsquo;est \u00e0 la fin du XVIIIe si\u00e8cle que certains sermons furent conserv\u00e9s, gr\u00e2ce au travail de Dom Deforis. Ce ne sont toutefois que des brouillons, alourdis par les ratures et les variantes, et qui ne nous offrent qu&rsquo;une id\u00e9e approximative de sa pr\u00e9dication.<\/p>\n<p>Pour en savoir plus, je vous envoie vers &lt;<span style=\"color: #0000ff;\">Wikipedia<\/span>&gt;<\/p>\n<p><span style=\"color: #800000;\">&lt;127&gt;<\/span><\/p>\n<\/div>\n","protected":false},"excerpt":{"rendered":"<p>Mardi 02 juillet 2013 \u00abDieu se rit des hommes qui se plaignent des cons\u00e9quences alors qu\u2019ils en ch\u00e9rissent les causes.\u00bb Bossuet Parole particuli\u00e8rement appropri\u00e9e \u00e0 notre temps et \u00e0 toutes nos contradictions et souhaits incompatibles&#8230; Le c\u00e9l\u00e8bre auteur des sermons<\/p>\n","protected":false},"author":1,"featured_media":0,"comment_status":"closed","ping_status":"closed","sticky":false,"template":"","format":"standard","meta":{"footnotes":""},"categories":[1],"tags":[6,34],"class_list":["post-2135","post","type-post","status-publish","format-standard","hentry","category-motdujour","tag-philosophie","tag-religion"],"_links":{"self":[{"href":"https:\/\/lemotdujour.fr\/index.php?rest_route=\/wp\/v2\/posts\/2135","targetHints":{"allow":["GET"]}}],"collection":[{"href":"https:\/\/lemotdujour.fr\/index.php?rest_route=\/wp\/v2\/posts"}],"about":[{"href":"https:\/\/lemotdujour.fr\/index.php?rest_route=\/wp\/v2\/types\/post"}],"author":[{"embeddable":true,"href":"https:\/\/lemotdujour.fr\/index.php?rest_route=\/wp\/v2\/users\/1"}],"replies":[{"embeddable":true,"href":"https:\/\/lemotdujour.fr\/index.php?rest_route=%2Fwp%2Fv2%2Fcomments&post=2135"}],"version-history":[{"count":2,"href":"https:\/\/lemotdujour.fr\/index.php?rest_route=\/wp\/v2\/posts\/2135\/revisions"}],"predecessor-version":[{"id":8421,"href":"https:\/\/lemotdujour.fr\/index.php?rest_route=\/wp\/v2\/posts\/2135\/revisions\/8421"}],"wp:attachment":[{"href":"https:\/\/lemotdujour.fr\/index.php?rest_route=%2Fwp%2Fv2%2Fmedia&parent=2135"}],"wp:term":[{"taxonomy":"category","embeddable":true,"href":"https:\/\/lemotdujour.fr\/index.php?rest_route=%2Fwp%2Fv2%2Fcategories&post=2135"},{"taxonomy":"post_tag","embeddable":true,"href":"https:\/\/lemotdujour.fr\/index.php?rest_route=%2Fwp%2Fv2%2Ftags&post=2135"}],"curies":[{"name":"wp","href":"https:\/\/api.w.org\/{rel}","templated":true}]}}