{"id":2133,"date":"2013-07-01T02:00:00","date_gmt":"2013-06-30T22:00:00","guid":{"rendered":"http:\/\/lemotdujour.fr\/?p=2133"},"modified":"2017-05-20T16:01:22","modified_gmt":"2017-05-20T14:01:22","slug":"lundi-01-juillet-2013","status":"publish","type":"post","link":"https:\/\/lemotdujour.fr\/?p=2133","title":{"rendered":"Lundi 01 juillet 2013"},"content":{"rendered":"<div class=\"mdjDate\">Lundi 01 juillet 2013<\/div>\n<div class=\"mdjTexte\">\u00ab L&rsquo;\u00e9ducation ne consiste pas \u00e0 gaver, mais \u00e0 donner faim. \u00bb<\/div>\n<div class=\"mdjAuteur\">Michel Tardy<\/div>\n<div class=\"mdjComplements\">Comme notre ami et coll\u00e8gue Pierre Tardy vient de commencer son dur labeur de comptable des professionnels. \u00e0 Villeurbanne, j&rsquo;ai pens\u00e9 qu&rsquo;il \u00e9tait de bon ton de citer une formule tr\u00e8s pertinente de Michel Tardy qui doit \u00eatre un de ses cousins \u00e9loign\u00e9s.<\/div>\n","protected":false},"excerpt":{"rendered":"<p>Lundi 01 juillet 2013 \u00ab L&rsquo;\u00e9ducation ne consiste pas \u00e0 gaver, mais \u00e0 donner faim. \u00bb Michel Tardy Comme notre ami et coll\u00e8gue Pierre Tardy vient de commencer son dur labeur de comptable des professionnels. \u00e0 Villeurbanne, j&rsquo;ai pens\u00e9 qu&rsquo;il<\/p>\n","protected":false},"author":1,"featured_media":0,"comment_status":"closed","ping_status":"closed","sticky":false,"template":"","format":"standard","meta":{"footnotes":""},"categories":[1],"tags":[],"class_list":["post-2133","post","type-post","status-publish","format-standard","hentry","category-motdujour"],"_links":{"self":[{"href":"https:\/\/lemotdujour.fr\/index.php?rest_route=\/wp\/v2\/posts\/2133","targetHints":{"allow":["GET"]}}],"collection":[{"href":"https:\/\/lemotdujour.fr\/index.php?rest_route=\/wp\/v2\/posts"}],"about":[{"href":"https:\/\/lemotdujour.fr\/index.php?rest_route=\/wp\/v2\/types\/post"}],"author":[{"embeddable":true,"href":"https:\/\/lemotdujour.fr\/index.php?rest_route=\/wp\/v2\/users\/1"}],"replies":[{"embeddable":true,"href":"https:\/\/lemotdujour.fr\/index.php?rest_route=%2Fwp%2Fv2%2Fcomments&post=2133"}],"version-history":[{"count":1,"href":"https:\/\/lemotdujour.fr\/index.php?rest_route=\/wp\/v2\/posts\/2133\/revisions"}],"predecessor-version":[{"id":2134,"href":"https:\/\/lemotdujour.fr\/index.php?rest_route=\/wp\/v2\/posts\/2133\/revisions\/2134"}],"wp:attachment":[{"href":"https:\/\/lemotdujour.fr\/index.php?rest_route=%2Fwp%2Fv2%2Fmedia&parent=2133"}],"wp:term":[{"taxonomy":"category","embeddable":true,"href":"https:\/\/lemotdujour.fr\/index.php?rest_route=%2Fwp%2Fv2%2Fcategories&post=2133"},{"taxonomy":"post_tag","embeddable":true,"href":"https:\/\/lemotdujour.fr\/index.php?rest_route=%2Fwp%2Fv2%2Ftags&post=2133"}],"curies":[{"name":"wp","href":"https:\/\/api.w.org\/{rel}","templated":true}]}}