{"id":2131,"date":"2013-06-28T02:00:00","date_gmt":"2013-06-27T22:00:00","guid":{"rendered":"http:\/\/lemotdujour.fr\/?p=2131"},"modified":"2017-05-20T16:01:20","modified_gmt":"2017-05-20T14:01:20","slug":"vendredi-28-juin-2013","status":"publish","type":"post","link":"https:\/\/lemotdujour.fr\/?p=2131","title":{"rendered":"Vendredi 28 juin 2013"},"content":{"rendered":"<div class=\"mdjDate\">Vendredi 28 juin 2013<\/div>\n<div class=\"mdjTexte\">\u00ab Etre libre, ce n&rsquo;est pas seulement se d\u00e9barrasser de ses cha\u00eenes ; c&rsquo;est vivre d&rsquo;une fa\u00e7on qui respecte et renforce la libert\u00e9 des autres. \u00bb<\/div>\n<div class=\"mdjAuteur\">Nelson Mandela<\/div>\n","protected":false},"excerpt":{"rendered":"<p>Vendredi 28 juin 2013 \u00ab Etre libre, ce n&rsquo;est pas seulement se d\u00e9barrasser de ses cha\u00eenes ; c&rsquo;est vivre d&rsquo;une fa\u00e7on qui respecte et renforce la libert\u00e9 des autres. \u00bb Nelson Mandela<\/p>\n","protected":false},"author":1,"featured_media":0,"comment_status":"closed","ping_status":"closed","sticky":false,"template":"","format":"standard","meta":{"footnotes":""},"categories":[1],"tags":[],"class_list":["post-2131","post","type-post","status-publish","format-standard","hentry","category-motdujour"],"_links":{"self":[{"href":"https:\/\/lemotdujour.fr\/index.php?rest_route=\/wp\/v2\/posts\/2131","targetHints":{"allow":["GET"]}}],"collection":[{"href":"https:\/\/lemotdujour.fr\/index.php?rest_route=\/wp\/v2\/posts"}],"about":[{"href":"https:\/\/lemotdujour.fr\/index.php?rest_route=\/wp\/v2\/types\/post"}],"author":[{"embeddable":true,"href":"https:\/\/lemotdujour.fr\/index.php?rest_route=\/wp\/v2\/users\/1"}],"replies":[{"embeddable":true,"href":"https:\/\/lemotdujour.fr\/index.php?rest_route=%2Fwp%2Fv2%2Fcomments&post=2131"}],"version-history":[{"count":1,"href":"https:\/\/lemotdujour.fr\/index.php?rest_route=\/wp\/v2\/posts\/2131\/revisions"}],"predecessor-version":[{"id":2132,"href":"https:\/\/lemotdujour.fr\/index.php?rest_route=\/wp\/v2\/posts\/2131\/revisions\/2132"}],"wp:attachment":[{"href":"https:\/\/lemotdujour.fr\/index.php?rest_route=%2Fwp%2Fv2%2Fmedia&parent=2131"}],"wp:term":[{"taxonomy":"category","embeddable":true,"href":"https:\/\/lemotdujour.fr\/index.php?rest_route=%2Fwp%2Fv2%2Fcategories&post=2131"},{"taxonomy":"post_tag","embeddable":true,"href":"https:\/\/lemotdujour.fr\/index.php?rest_route=%2Fwp%2Fv2%2Ftags&post=2131"}],"curies":[{"name":"wp","href":"https:\/\/api.w.org\/{rel}","templated":true}]}}