{"id":2123,"date":"2013-06-17T02:00:00","date_gmt":"2013-06-16T22:00:00","guid":{"rendered":"http:\/\/lemotdujour.fr\/?p=2123"},"modified":"2017-05-20T16:01:15","modified_gmt":"2017-05-20T14:01:15","slug":"lundi-17-juin-2013","status":"publish","type":"post","link":"https:\/\/lemotdujour.fr\/?p=2123","title":{"rendered":"Lundi 17 juin 2013"},"content":{"rendered":"<div class=\"mdjDate\">Lundi 17 juin 2013<\/div>\n<div class=\"mdjTexte\">\u00abJ&rsquo;ai longtemps donn\u00e9 raison \u00e0 tout le monde.<br \/>Jusqu&rsquo;au jour o\u00f9 je me suis aper\u00e7u<br \/>que la plupart des gens \u00e0 qui je donnais raison<br \/>avaient tort !\u00bb<\/div>\n<div class=\"mdjAuteur\">Raymond Devos<\/div>\n<div class=\"mdjComplements\">Comme toujours avec Devos, il n&rsquo;y a pas que de l&rsquo;humour dans le texte, mais aussi une analyse fine et pertinente de la vie comme elle est.<\/div>\n<div class=\"mdjComplements\">Car ce n&rsquo;est pas parce qu&rsquo;un expert parle ou qu&rsquo;une autorit\u00e9 s&rsquo;exprime que ce qui est dit est juste, je veux dire que le raisonnement qui conduit \u00e0 la conclusion est coh\u00e9rent et se base sur des faits av\u00e9r\u00e9s. Maintenant si l&rsquo;autorit\u00e9 nous donne un ordre, nous ne sommes pas dans le m\u00eame contexte, mais dans ce cas elle (l&rsquo;autorit\u00e9) s&rsquo;abstient de pr\u00e9tendre que sa d\u00e9cision est dict\u00e9e par la raison.<\/div>\n<div class=\"mdjComplements\">Cela dit, nous aussi pouvons avoir tort. Seule l&rsquo;humilit\u00e9 peut nous pr\u00e9server.<\/div>\n<div class=\"mdjCiter\">A tort ou \u00e0 raison<\/div>\n<div class=\"mdjCiter\">On ne sait jamais qui a raison ou qui a tort.<\/div>\n<div class=\"mdjCiter\">C&rsquo;est difficile de juger. Moi, j&rsquo;ai longtemps donn\u00e9 raison \u00e0 tout le monde.<\/div>\n<div class=\"mdjCiter\">Jusqu&rsquo;au jour o\u00f9 je me suis aper\u00e7u que la plupart des gens \u00e0 qui je donnais raison avaient tort !<\/div>\n<div class=\"mdjCiter\">Donc, j&rsquo;avais raison !<\/div>\n<div class=\"mdjCiter\">Par cons\u00e9quent, j&rsquo;avais tort !<\/div>\n<div class=\"mdjCiter\">Tort de donner raison \u00e0 des gens qui avaient le tort de croire qu&rsquo;ils avaient raison.<\/div>\n<div class=\"mdjCiter\">C&rsquo;est-\u00e0-dire que moi qui n&rsquo;avait pas tort, je n&rsquo;avais aucune raison de ne pas donner tort \u00e0 des gens qui pr\u00e9tendaient avoir raison, alors qu&rsquo;ils avaient tort !<\/div>\n<div class=\"mdjCiter\">J&rsquo;ai raison, non ? Puisqu&rsquo;ils avaient tort !<\/div>\n<div class=\"mdjCiter\">Et sans raison, encore ! L\u00e0, j&rsquo;insiste, parce que&#8230;moi aussi, il arrive que j&rsquo;aie tort.<\/div>\n<div class=\"mdjCiter\">Mais quand j&rsquo;ai tort, j&rsquo;ai mes raisons, que je ne donne pas.<\/div>\n<div class=\"mdjCiter\">Ce serait reconna\u00eetre mes torts !!!<\/div>\n<div class=\"mdjCiter\">J&rsquo;ai raison, non ? Remarquez&#8230; il m&rsquo;arrive aussi de donner raison \u00e0 des gens qui ont raison.<\/div>\n<div class=\"mdjCiter\">Mais, l\u00e0 encore, c&rsquo;est un tort.<\/div>\n<div class=\"mdjCiter\">C&rsquo;est comme si je donnais tort \u00e0 des gens qui ont tort. Il n&rsquo;y a pas de raison !<\/div>\n<div class=\"mdjCiter\">En r\u00e9sum\u00e9, je crois qu&rsquo;on a toujours tort d&rsquo;essayer d&rsquo;avoir raison devant des gens qui ont toutes les bonnes raisons de croire qu&rsquo;ils n&rsquo;ont pas tort !<\/div>\n<div class=\"mdjCiter\">Raymond Devos.<\/div>\n","protected":false},"excerpt":{"rendered":"<p>Lundi 17 juin 2013 \u00abJ&rsquo;ai longtemps donn\u00e9 raison \u00e0 tout le monde.Jusqu&rsquo;au jour o\u00f9 je me suis aper\u00e7uque la plupart des gens \u00e0 qui je donnais raisonavaient tort !\u00bb Raymond Devos Comme toujours avec Devos, il n&rsquo;y a pas que<\/p>\n","protected":false},"author":1,"featured_media":0,"comment_status":"closed","ping_status":"closed","sticky":false,"template":"","format":"standard","meta":{"footnotes":""},"categories":[1],"tags":[],"class_list":["post-2123","post","type-post","status-publish","format-standard","hentry","category-motdujour"],"_links":{"self":[{"href":"https:\/\/lemotdujour.fr\/index.php?rest_route=\/wp\/v2\/posts\/2123","targetHints":{"allow":["GET"]}}],"collection":[{"href":"https:\/\/lemotdujour.fr\/index.php?rest_route=\/wp\/v2\/posts"}],"about":[{"href":"https:\/\/lemotdujour.fr\/index.php?rest_route=\/wp\/v2\/types\/post"}],"author":[{"embeddable":true,"href":"https:\/\/lemotdujour.fr\/index.php?rest_route=\/wp\/v2\/users\/1"}],"replies":[{"embeddable":true,"href":"https:\/\/lemotdujour.fr\/index.php?rest_route=%2Fwp%2Fv2%2Fcomments&post=2123"}],"version-history":[{"count":1,"href":"https:\/\/lemotdujour.fr\/index.php?rest_route=\/wp\/v2\/posts\/2123\/revisions"}],"predecessor-version":[{"id":2124,"href":"https:\/\/lemotdujour.fr\/index.php?rest_route=\/wp\/v2\/posts\/2123\/revisions\/2124"}],"wp:attachment":[{"href":"https:\/\/lemotdujour.fr\/index.php?rest_route=%2Fwp%2Fv2%2Fmedia&parent=2123"}],"wp:term":[{"taxonomy":"category","embeddable":true,"href":"https:\/\/lemotdujour.fr\/index.php?rest_route=%2Fwp%2Fv2%2Fcategories&post=2123"},{"taxonomy":"post_tag","embeddable":true,"href":"https:\/\/lemotdujour.fr\/index.php?rest_route=%2Fwp%2Fv2%2Ftags&post=2123"}],"curies":[{"name":"wp","href":"https:\/\/api.w.org\/{rel}","templated":true}]}}