{"id":2121,"date":"2013-06-13T02:00:00","date_gmt":"2013-06-12T22:00:00","guid":{"rendered":"http:\/\/lemotdujour.fr\/?p=2121"},"modified":"2026-01-30T22:09:45","modified_gmt":"2026-01-30T21:09:45","slug":"jeudi-13-juin-2013","status":"publish","type":"post","link":"https:\/\/lemotdujour.fr\/?p=2121","title":{"rendered":"Jeudi 13 juin 2013"},"content":{"rendered":"<div class=\"mdjDate\">Jeudi 13 juin 2013<\/div>\n<div class=\"mdjTexte\">\u00ab\u00a0Je vois la fin de vie comme j&rsquo;ai vu la mer la premi\u00e8re fois,<br \/>\nquelque chose qui s&rsquo;impose \u00e0 vous, majestueusement.\u00bb<\/div>\n<div class=\"mdjAuteur\">Pierre Mauroy<\/div>\n<div class=\"mdjComplements\">Pendant longtemps, dans un monde qui \u00e9tait rural, o\u00f9 les g\u00e9n\u00e9rations vivaient les uns avec les autres, o\u00f9 l&rsquo;esp\u00e9rance de vie \u00e0 la naissance n&rsquo;\u00e9tait pas celle d&rsquo;aujourd&rsquo;hui (en 1800 sous Napol\u00e9on, l&rsquo;esp\u00e9rance de vie d&rsquo;une fille n\u00e9e vivante \u00e9tait de 30 ans), o\u00f9 les gens mouraient \u00e0 la maison, la mort \u00e9tait omnipr\u00e9sente.<\/div>\n<div class=\"mdjComplements\">Depuis bien des choses ont chang\u00e9 et on parlait peu de la mort, voire on n&rsquo;en parlait plus du tout.<\/div>\n<div class=\"mdjComplements\">La mort a \u00e9t\u00e9 m\u00e9dicalis\u00e9e, l&rsquo;esp\u00e9rance de vie s&rsquo;est multipli\u00e9e, la norme est la s\u00e9paration des g\u00e9n\u00e9rations et le fantasme de l&rsquo;\u00e9ternelle jeunesse s&rsquo;est d\u00e9ploy\u00e9.<\/div>\n<div class=\"mdjComplements\">Aujourd&rsquo;hui quelques humanistes en fin de vie (Hessel, mot du jour du 27\/02\/2013) ou Pierre Mauroy osent en reparler de mani\u00e8re simple et apais\u00e9e.<\/div>\n<div class=\"mdjComplements\">Pierre Mauroy sera inhum\u00e9 cet apr\u00e8s-midi \u00e0 Lille.<\/div>\n<p>&nbsp;<\/p>\n<p><span style=\"color: #800000;\">&lt;120&gt;<\/span><\/p>\n","protected":false},"excerpt":{"rendered":"<p>Jeudi 13 juin 2013 \u00ab\u00a0Je vois la fin de vie comme j&rsquo;ai vu la mer la premi\u00e8re fois, quelque chose qui s&rsquo;impose \u00e0 vous, majestueusement.\u00bb Pierre Mauroy Pendant longtemps, dans un monde qui \u00e9tait rural, o\u00f9 les g\u00e9n\u00e9rations vivaient les<\/p>\n","protected":false},"author":1,"featured_media":0,"comment_status":"closed","ping_status":"closed","sticky":false,"template":"","format":"standard","meta":{"footnotes":""},"categories":[1],"tags":[15,29,153],"class_list":["post-2121","post","type-post","status-publish","format-standard","hentry","category-motdujour","tag-france","tag-hommage","tag-mort"],"_links":{"self":[{"href":"https:\/\/lemotdujour.fr\/index.php?rest_route=\/wp\/v2\/posts\/2121","targetHints":{"allow":["GET"]}}],"collection":[{"href":"https:\/\/lemotdujour.fr\/index.php?rest_route=\/wp\/v2\/posts"}],"about":[{"href":"https:\/\/lemotdujour.fr\/index.php?rest_route=\/wp\/v2\/types\/post"}],"author":[{"embeddable":true,"href":"https:\/\/lemotdujour.fr\/index.php?rest_route=\/wp\/v2\/users\/1"}],"replies":[{"embeddable":true,"href":"https:\/\/lemotdujour.fr\/index.php?rest_route=%2Fwp%2Fv2%2Fcomments&post=2121"}],"version-history":[{"count":3,"href":"https:\/\/lemotdujour.fr\/index.php?rest_route=\/wp\/v2\/posts\/2121\/revisions"}],"predecessor-version":[{"id":16695,"href":"https:\/\/lemotdujour.fr\/index.php?rest_route=\/wp\/v2\/posts\/2121\/revisions\/16695"}],"wp:attachment":[{"href":"https:\/\/lemotdujour.fr\/index.php?rest_route=%2Fwp%2Fv2%2Fmedia&parent=2121"}],"wp:term":[{"taxonomy":"category","embeddable":true,"href":"https:\/\/lemotdujour.fr\/index.php?rest_route=%2Fwp%2Fv2%2Fcategories&post=2121"},{"taxonomy":"post_tag","embeddable":true,"href":"https:\/\/lemotdujour.fr\/index.php?rest_route=%2Fwp%2Fv2%2Ftags&post=2121"}],"curies":[{"name":"wp","href":"https:\/\/api.w.org\/{rel}","templated":true}]}}