{"id":2109,"date":"2013-06-03T02:00:00","date_gmt":"2013-06-02T22:00:00","guid":{"rendered":"http:\/\/lemotdujour.fr\/?p=2109"},"modified":"2017-05-20T16:01:07","modified_gmt":"2017-05-20T14:01:07","slug":"lundi-03-juin-2013","status":"publish","type":"post","link":"https:\/\/lemotdujour.fr\/?p=2109","title":{"rendered":"Lundi 03 juin 2013"},"content":{"rendered":"<div class=\"mdjDate\">Lundi 03 juin 2013<\/div>\n<div class=\"mdjTexte\">\u00ab\u00a0Avoir bon go\u00fbt, c&rsquo;est tr\u00e8s bien, <br \/>Avoir mauvais go\u00fbt, ce n&rsquo;est pas mal non plus, <br \/>Ce qui est tragique, c&rsquo;est de ne pas avoir de go\u00fbt du tout&#8230;\u00a0\u00bb<\/div>\n<div class=\"mdjAuteur\">Igor Stravinsky<\/div>\n<div class=\"mdjComplements\">Il y a 100 ans, le 29 mai 1913 le ballet \u00ab\u00a0Le sacre du Printemps\u00a0\u00bb d\u00e9clenchait un scandale lors de sa cr\u00e9ation au Th\u00e9\u00e2tre des Champs Elys\u00e9es.<\/div>\n<div class=\"mdjComplements\">Article de T\u00e9l\u00e9rama \u00ab <a href=\"http:\/\/www.telerama.fr\/musique\/le-sacre-du-printemps-ce-grand-coup-de-ballet,98153.php\">http:\/\/www.telerama.fr\/musique\/le-sacre-du-printemps-ce-grand-coup-de-ballet, 98153.php<\/a><\/div>\n<div class=\"mdjComplements\">En souvenir de cet \u00e9pisode, ce mot du compositeur.<\/div>\n","protected":false},"excerpt":{"rendered":"<p>Lundi 03 juin 2013 \u00ab\u00a0Avoir bon go\u00fbt, c&rsquo;est tr\u00e8s bien, Avoir mauvais go\u00fbt, ce n&rsquo;est pas mal non plus, Ce qui est tragique, c&rsquo;est de ne pas avoir de go\u00fbt du tout&#8230;\u00a0\u00bb Igor Stravinsky Il y a 100 ans, le<\/p>\n","protected":false},"author":1,"featured_media":0,"comment_status":"closed","ping_status":"closed","sticky":false,"template":"","format":"standard","meta":{"footnotes":""},"categories":[1],"tags":[],"class_list":["post-2109","post","type-post","status-publish","format-standard","hentry","category-motdujour"],"_links":{"self":[{"href":"https:\/\/lemotdujour.fr\/index.php?rest_route=\/wp\/v2\/posts\/2109","targetHints":{"allow":["GET"]}}],"collection":[{"href":"https:\/\/lemotdujour.fr\/index.php?rest_route=\/wp\/v2\/posts"}],"about":[{"href":"https:\/\/lemotdujour.fr\/index.php?rest_route=\/wp\/v2\/types\/post"}],"author":[{"embeddable":true,"href":"https:\/\/lemotdujour.fr\/index.php?rest_route=\/wp\/v2\/users\/1"}],"replies":[{"embeddable":true,"href":"https:\/\/lemotdujour.fr\/index.php?rest_route=%2Fwp%2Fv2%2Fcomments&post=2109"}],"version-history":[{"count":1,"href":"https:\/\/lemotdujour.fr\/index.php?rest_route=\/wp\/v2\/posts\/2109\/revisions"}],"predecessor-version":[{"id":2110,"href":"https:\/\/lemotdujour.fr\/index.php?rest_route=\/wp\/v2\/posts\/2109\/revisions\/2110"}],"wp:attachment":[{"href":"https:\/\/lemotdujour.fr\/index.php?rest_route=%2Fwp%2Fv2%2Fmedia&parent=2109"}],"wp:term":[{"taxonomy":"category","embeddable":true,"href":"https:\/\/lemotdujour.fr\/index.php?rest_route=%2Fwp%2Fv2%2Fcategories&post=2109"},{"taxonomy":"post_tag","embeddable":true,"href":"https:\/\/lemotdujour.fr\/index.php?rest_route=%2Fwp%2Fv2%2Ftags&post=2109"}],"curies":[{"name":"wp","href":"https:\/\/api.w.org\/{rel}","templated":true}]}}