{"id":2107,"date":"2013-05-31T02:00:00","date_gmt":"2013-05-30T22:00:00","guid":{"rendered":"http:\/\/lemotdujour.fr\/?p=2107"},"modified":"2017-05-20T16:01:03","modified_gmt":"2017-05-20T14:01:03","slug":"vendredi-31-mai-2013","status":"publish","type":"post","link":"https:\/\/lemotdujour.fr\/?p=2107","title":{"rendered":"Vendredi 31 mai 2013"},"content":{"rendered":"<div class=\"mdjDate\">Vendredi 31 mai 2013<\/div>\n<div class=\"mdjTexte\">\u00ab La th\u00e9orie, c&rsquo;est quand on sait tout et que rien ne fonctionne. La pratique, c&rsquo;est quand tout fonctionne et que personne ne sait pourquoi.\u00a0\u00bb<\/div>\n<div class=\"mdjAuteur\">Albert Einstein<\/div>\n<div class=\"mdjComplements\">Il semble avoir ajout\u00e9 \u00e0 cette d\u00e9finition des deux concepts une constatation lors d&rsquo;un \u00e9pisode de sa vie : \u00ab\u00a0Ici, nous avons r\u00e9uni th\u00e9orie et pratique : Rien ne fonctionne&#8230; et personne ne sait pourquoi\u00a0!\u00a0\u00ab<\/div>\n<div class=\"mdjComplements\">Pouvons-nous reprendre ce constat et l&rsquo;appliquer \u00e0 notre quotidien ?<\/div>\n","protected":false},"excerpt":{"rendered":"<p>Vendredi 31 mai 2013 \u00ab La th\u00e9orie, c&rsquo;est quand on sait tout et que rien ne fonctionne. La pratique, c&rsquo;est quand tout fonctionne et que personne ne sait pourquoi.\u00a0\u00bb Albert Einstein Il semble avoir ajout\u00e9 \u00e0 cette d\u00e9finition des deux<\/p>\n","protected":false},"author":1,"featured_media":0,"comment_status":"closed","ping_status":"closed","sticky":false,"template":"","format":"standard","meta":{"footnotes":""},"categories":[1],"tags":[],"class_list":["post-2107","post","type-post","status-publish","format-standard","hentry","category-motdujour"],"_links":{"self":[{"href":"https:\/\/lemotdujour.fr\/index.php?rest_route=\/wp\/v2\/posts\/2107","targetHints":{"allow":["GET"]}}],"collection":[{"href":"https:\/\/lemotdujour.fr\/index.php?rest_route=\/wp\/v2\/posts"}],"about":[{"href":"https:\/\/lemotdujour.fr\/index.php?rest_route=\/wp\/v2\/types\/post"}],"author":[{"embeddable":true,"href":"https:\/\/lemotdujour.fr\/index.php?rest_route=\/wp\/v2\/users\/1"}],"replies":[{"embeddable":true,"href":"https:\/\/lemotdujour.fr\/index.php?rest_route=%2Fwp%2Fv2%2Fcomments&post=2107"}],"version-history":[{"count":1,"href":"https:\/\/lemotdujour.fr\/index.php?rest_route=\/wp\/v2\/posts\/2107\/revisions"}],"predecessor-version":[{"id":2108,"href":"https:\/\/lemotdujour.fr\/index.php?rest_route=\/wp\/v2\/posts\/2107\/revisions\/2108"}],"wp:attachment":[{"href":"https:\/\/lemotdujour.fr\/index.php?rest_route=%2Fwp%2Fv2%2Fmedia&parent=2107"}],"wp:term":[{"taxonomy":"category","embeddable":true,"href":"https:\/\/lemotdujour.fr\/index.php?rest_route=%2Fwp%2Fv2%2Fcategories&post=2107"},{"taxonomy":"post_tag","embeddable":true,"href":"https:\/\/lemotdujour.fr\/index.php?rest_route=%2Fwp%2Fv2%2Ftags&post=2107"}],"curies":[{"name":"wp","href":"https:\/\/api.w.org\/{rel}","templated":true}]}}