{"id":2105,"date":"2013-05-30T02:00:00","date_gmt":"2013-05-29T22:00:00","guid":{"rendered":"http:\/\/lemotdujour.fr\/?p=2105"},"modified":"2021-06-15T20:52:55","modified_gmt":"2021-06-15T18:52:55","slug":"jeudi-30-mai-2013","status":"publish","type":"post","link":"https:\/\/lemotdujour.fr\/?p=2105","title":{"rendered":"Jeudi 30 mai 2013"},"content":{"rendered":"<div class=\"mdjTexte\">\u00ab\u00a0En Amazonie, infiltr\u00e9 dans \u00ab\u00a0le meilleur des mondes\u00a0\u00bb<\/div>\n<div class=\"mdjAuteur\">Jean-Baptiste Mallet<\/div>\n<p><span style=\"color: #777777; font-family: Arial;\">Non, il n&rsquo;est pas question de cette immense for\u00eat, poumon de la terre, et qui est l&rsquo;objet de beaucoup d&rsquo;atteintes \u00e9cologiques et aussi d&rsquo;atteintes \u00e0 l&rsquo;\u00e9gard des populations autochtones et sur laquelle beaucoup de choses seraient \u00e0 \u00e9crire.<br \/>\n<\/span><\/p>\n<p><a href=\"https:\/\/www.fayard.fr\/documents-temoignages\/en-amazonie-9782213677651\"><img decoding=\"async\" class=\"alignleft\" src=\"https:\/\/lemotdujour.fr\/wp-content\/uploads\/2021\/06\/061521_1849_Lundixxjuin1.jpg\" alt=\"\" align=\"left\" border=\"0\" \/><\/a><span style=\"color: #777777; font-family: Arial;\">Ce mot du jour fait r\u00e9f\u00e9rence au titre d&rsquo;un livre d&rsquo;un journaliste qui s&rsquo;est fait embaucher dans l&rsquo;entrep\u00f4t de Mont\u00e9limar du site de vente en ligne AMAZON.<br \/>\n<\/span><\/p>\n<p><span style=\"color: #777777; font-family: Arial;\">Le mot du jour du 14\/05\/2013 \u00e9voquait le destin des ouvriers du Bengladesh qui travaillaient dans les locaux bas de gamme qui s&rsquo;\u00e9croulaient et dans des conditions mis\u00e9rables pour que nous puissions acheter des v\u00eatements \u00e0 bas prix.<br \/>\n<\/span><\/p>\n<p><span style=\"color: #777777; font-family: Arial;\">Ici nous sommes en France, les locaux ne menacent pas de s&rsquo;\u00e9crouler, mais les conditions exig\u00e9es par l&#8217;employeur \u00e0 l&rsquo;\u00e9gard des salari\u00e9s pr\u00e9caires sont incroyables.<br \/>\n<\/span><\/p>\n<p><span style=\"color: #777777; font-family: Arial;\">Le plus extravagant c&rsquo;est quand on recherche cet ouvrage sur Google, Amazon est le premier \u00e0 vous proposer de vous le vendre.<br \/>\n<\/span><\/p>\n<p><span style=\"color: #777777; font-family: Arial;\">Si vous voulez acheter ce livre, s&rsquo;il vous pla\u00eet aller chez un libraire.<br \/>\n<\/span><\/p>\n<p><span style=\"color: #777777; font-family: Arial;\">Vous pouvez aussi lire cet article sur le site du Nouvel Obs. : &lt;<a href=\"http:\/\/tempsreel.nouvelobs.com\/economie\/20130503.OBS8090\/quand-amazon-transforme-ses-recrues-en-robots.html\"><span style=\"color: #0000ff;\">Quand Amazon transforme ses recrues en \u00ab\u00a0robots\u00a0\u00bb<\/span>&gt;<\/a><br \/>\n<\/span><\/p>\n<p><span style=\"color: #777777; font-family: Arial;\">J&rsquo;en cite quelques extraits\u00a0:<br \/>\n<\/span><\/p>\n<p style=\"margin-left: 28pt;\"><span style=\"color: #c00000; font-family: Arial;\">\u00ab\u00a0Il n&rsquo;y a que quatre types de postes, attribu\u00e9s une fois pour toutes, en trois \u00e9quipes (5h50-13h10, 13h40-21h, 21h30-4h50) : ceux qui re\u00e7oivent la marchandise (les eachers), ceux qui la rangent dans les rayonnages de cette for\u00eat m\u00e9tallique qui couvre le hangar de 36.000 m\u00e8tres carr\u00e9s (les stowers). Ceux qui prennent les produits dans ces casiers pour pr\u00e9parer les commandes (les pickers), ceux qui les emballent (les packers).<br \/>\n<\/span><\/p>\n<p style=\"margin-left: 28pt;\"><span style=\"color: #c00000; font-family: Arial;\">Il y a tout ce vocabulaire anglais \u00e0 ma\u00eetriser : inbound, outbound, damage, bins, slam, associates, leaders&#8230; Il y a cette devise, sortie du \u00ab\u00a0Meilleur des Mondes\u00a0\u00bb : \u00ab\u00a0Work hard, have fun, make history\u00a0\u00bb (\u00ab\u00a0Travaille dur, amuse-toi, \u00e9cris l&rsquo;histoire\u00a0\u00bb).<br \/>\n<\/span><\/p>\n<p style=\"margin-left: 28pt;\"><span style=\"color: #c00000; font-family: Arial;\">La vie de \u00ab\u00a0l&rsquo;associ\u00e9\u00a0\u00bb est codifi\u00e9e selon des \u00ab\u00a0process\u00a0\u00bb qui g\u00e8rent le moindre d\u00e9tail : la vitesse maximum des voitures sur le parking (15 km\/h), la mani\u00e8re de se garer (en marche arri\u00e8re), le tutoiement obligatoire (cens\u00e9 susciter la confiance), la manipulation des chariots (interdiction de reculer), la fa\u00e7on d&rsquo;y empiler les articles (par taille, code-barres au-dessus).<br \/>\n<\/span><\/p>\n<p style=\"margin-left: 28pt;\"><span style=\"color: #c00000; font-family: Arial;\">Le travail est ultrap\u00e9nible : m\u00eame si son parcours est optimis\u00e9 par un logiciel, le picker marche entre 20 et 25 kilom\u00e8tres par vacation. Douleurs dans le dos, le cou, le poignet, les cuisses&#8230; \u00ab\u00a0[\u2026]<br \/>\n<\/span><\/p>\n<p style=\"margin-left: 28pt;\"><span style=\"color: #c00000; font-family: Arial;\">Selon Malet, Amazon transforme ses recrues en \u00ab\u00a0robots\u00a0\u00bb h\u00e9b\u00e9t\u00e9s, soumis \u00e0 des objectifs de productivit\u00e9 croissants. Leurs machines \u00e0 scanner sont les \u00ab\u00a0flics \u00e9lectroniques\u00a0\u00bb qui transmettent des informations, contr\u00f4l\u00e9es en temps r\u00e9el par des leaders, eux-m\u00eames sous la pression de managers.<br \/>\n<\/span><\/p>\n<p style=\"margin-left: 28pt;\"><span style=\"color: #c00000; font-family: Arial;\">Comme dans un mauvais jeu de t\u00e9l\u00e9-r\u00e9alit\u00e9, de semaine en semaine, seuls les plus performants sont gard\u00e9s. Et les rares \u00e9lus qui atteignent, dixit Amazon, \u00ab\u00a0les standards \u00e9lev\u00e9s qui peuvent para\u00eetre irr\u00e9alisables aux yeux de certains\u00a0\u00bb, d\u00e9crochent un CDI. Un vrai Graal pour ces bataillons de ch\u00f4meurs en gal\u00e8re.\u00a0\u00bb<br \/>\n<\/span><\/p>\n<p><span style=\"color: #777777; font-family: Arial;\">Ou simplement \u00e9couter la chronique de 3mn de Philippe Meyer qui m&rsquo;a fait d\u00e9couvrir l&rsquo;existence de ce livre : &lt;<a href=\"http:\/\/www.franceculture.fr\/emission-la-chronique-de-philippe-meyer-chronique-de-philippe-meyer-2013-05-30\"><span style=\"color: #0000ff;\">Dans les coulisses d&rsquo;Amazon<\/span><\/a>&gt;<br \/>\n<\/span><\/p>\n<p><span style=\"color: #777777; font-family: Arial;\">Ou &lt;<span style=\"color: #0000ff;\"><a style=\"color: #0000ff;\" href=\"https:\/\/www.humanite.fr\/culture\/extrait-en-amazonie-infiltre-dans-le-meilleur-des-532847\">cet extrait<\/a><\/span>&gt; publi\u00e9 par L&rsquo;Humanit\u00e9<br \/>\n<\/span><\/p>\n<p><span style=\"color: #c00000; font-family: Arial;\">&lt;112&gt;<\/span><\/p>\n","protected":false},"excerpt":{"rendered":"<p>\u00ab\u00a0En Amazonie, infiltr\u00e9 dans \u00ab\u00a0le meilleur des mondes\u00a0\u00bb Jean-Baptiste Mallet Non, il n&rsquo;est pas question de cette immense for\u00eat, poumon de la terre, et qui est l&rsquo;objet de beaucoup d&rsquo;atteintes \u00e9cologiques et aussi d&rsquo;atteintes \u00e0 l&rsquo;\u00e9gard des populations autochtones et<\/p>\n","protected":false},"author":1,"featured_media":0,"comment_status":"closed","ping_status":"closed","sticky":false,"template":"","format":"standard","meta":{"footnotes":""},"categories":[1],"tags":[10,7,75],"class_list":["post-2105","post","type-post","status-publish","format-standard","hentry","category-motdujour","tag-economie","tag-societe","tag-travail"],"_links":{"self":[{"href":"https:\/\/lemotdujour.fr\/index.php?rest_route=\/wp\/v2\/posts\/2105","targetHints":{"allow":["GET"]}}],"collection":[{"href":"https:\/\/lemotdujour.fr\/index.php?rest_route=\/wp\/v2\/posts"}],"about":[{"href":"https:\/\/lemotdujour.fr\/index.php?rest_route=\/wp\/v2\/types\/post"}],"author":[{"embeddable":true,"href":"https:\/\/lemotdujour.fr\/index.php?rest_route=\/wp\/v2\/users\/1"}],"replies":[{"embeddable":true,"href":"https:\/\/lemotdujour.fr\/index.php?rest_route=%2Fwp%2Fv2%2Fcomments&post=2105"}],"version-history":[{"count":3,"href":"https:\/\/lemotdujour.fr\/index.php?rest_route=\/wp\/v2\/posts\/2105\/revisions"}],"predecessor-version":[{"id":11531,"href":"https:\/\/lemotdujour.fr\/index.php?rest_route=\/wp\/v2\/posts\/2105\/revisions\/11531"}],"wp:attachment":[{"href":"https:\/\/lemotdujour.fr\/index.php?rest_route=%2Fwp%2Fv2%2Fmedia&parent=2105"}],"wp:term":[{"taxonomy":"category","embeddable":true,"href":"https:\/\/lemotdujour.fr\/index.php?rest_route=%2Fwp%2Fv2%2Fcategories&post=2105"},{"taxonomy":"post_tag","embeddable":true,"href":"https:\/\/lemotdujour.fr\/index.php?rest_route=%2Fwp%2Fv2%2Ftags&post=2105"}],"curies":[{"name":"wp","href":"https:\/\/api.w.org\/{rel}","templated":true}]}}