{"id":2101,"date":"2013-05-27T02:00:00","date_gmt":"2013-05-26T22:00:00","guid":{"rendered":"http:\/\/lemotdujour.fr\/?p=2101"},"modified":"2017-05-20T16:01:01","modified_gmt":"2017-05-20T14:01:01","slug":"lundi-27-mai-2013","status":"publish","type":"post","link":"https:\/\/lemotdujour.fr\/?p=2101","title":{"rendered":"Lundi 27 mai 2013"},"content":{"rendered":"<div class=\"mdjDate\">Lundi 27 mai 2013<\/div>\n<div class=\"mdjTexte\">\u00abJ&rsquo;aime les id\u00e9es fixes, mais \u00e0 condition d&rsquo;en changer.\u00bb<\/div>\n<div class=\"mdjAuteur\">Fran\u00e7ois Jacob, Prix Nobel de physiologie ou m\u00e9decine.<\/div>\n<div class=\"mdjComplements\">Fran\u00e7ois Jacob, n\u00e9 le 17 juin 1920 \u00e0 Nancy et mort \u00e0 Paris le 20 avril 2013, c&rsquo;est un chercheur en biologie fran\u00e7ais. En 1965, il est r\u00e9compens\u00e9 du prix Nobel de physiologie ou m\u00e9decine.<\/div>\n<div class=\"mdjComplements\">Ci-apr\u00e8s la fiche wikipedia de ce h\u00e9ros de guerre, humaniste et prix Nobel qui nous a quitt\u00e9 il y a un peu plus d&rsquo;un mois\u00a0: <a href=\"http:\/\/fr.m.wikipedia.org\/wiki\/Francois_Jacob\">http:\/\/fr.m.wikipedia.org\/wiki\/Francois_Jacob<\/a><\/div>\n","protected":false},"excerpt":{"rendered":"<p>Lundi 27 mai 2013 \u00abJ&rsquo;aime les id\u00e9es fixes, mais \u00e0 condition d&rsquo;en changer.\u00bb Fran\u00e7ois Jacob, Prix Nobel de physiologie ou m\u00e9decine. Fran\u00e7ois Jacob, n\u00e9 le 17 juin 1920 \u00e0 Nancy et mort \u00e0 Paris le 20 avril 2013, c&rsquo;est un<\/p>\n","protected":false},"author":1,"featured_media":0,"comment_status":"closed","ping_status":"closed","sticky":false,"template":"","format":"standard","meta":{"footnotes":""},"categories":[1],"tags":[],"class_list":["post-2101","post","type-post","status-publish","format-standard","hentry","category-motdujour"],"_links":{"self":[{"href":"https:\/\/lemotdujour.fr\/index.php?rest_route=\/wp\/v2\/posts\/2101","targetHints":{"allow":["GET"]}}],"collection":[{"href":"https:\/\/lemotdujour.fr\/index.php?rest_route=\/wp\/v2\/posts"}],"about":[{"href":"https:\/\/lemotdujour.fr\/index.php?rest_route=\/wp\/v2\/types\/post"}],"author":[{"embeddable":true,"href":"https:\/\/lemotdujour.fr\/index.php?rest_route=\/wp\/v2\/users\/1"}],"replies":[{"embeddable":true,"href":"https:\/\/lemotdujour.fr\/index.php?rest_route=%2Fwp%2Fv2%2Fcomments&post=2101"}],"version-history":[{"count":1,"href":"https:\/\/lemotdujour.fr\/index.php?rest_route=\/wp\/v2\/posts\/2101\/revisions"}],"predecessor-version":[{"id":2102,"href":"https:\/\/lemotdujour.fr\/index.php?rest_route=\/wp\/v2\/posts\/2101\/revisions\/2102"}],"wp:attachment":[{"href":"https:\/\/lemotdujour.fr\/index.php?rest_route=%2Fwp%2Fv2%2Fmedia&parent=2101"}],"wp:term":[{"taxonomy":"category","embeddable":true,"href":"https:\/\/lemotdujour.fr\/index.php?rest_route=%2Fwp%2Fv2%2Fcategories&post=2101"},{"taxonomy":"post_tag","embeddable":true,"href":"https:\/\/lemotdujour.fr\/index.php?rest_route=%2Fwp%2Fv2%2Ftags&post=2101"}],"curies":[{"name":"wp","href":"https:\/\/api.w.org\/{rel}","templated":true}]}}