{"id":2095,"date":"2013-05-22T02:00:00","date_gmt":"2013-05-21T22:00:00","guid":{"rendered":"http:\/\/lemotdujour.fr\/?p=2095"},"modified":"2017-05-20T16:00:56","modified_gmt":"2017-05-20T14:00:56","slug":"mercredi-22-mai-2013","status":"publish","type":"post","link":"https:\/\/lemotdujour.fr\/?p=2095","title":{"rendered":"Mercredi 22 mai 2013"},"content":{"rendered":"<div class=\"mdjDate\">Mercredi 22 mai 2013<\/div>\n<div class=\"mdjTexte\">\u00ab\u00a0Chaque fois que j&rsquo;entends du Wagner, j&rsquo;ai envie d&rsquo;envahir la Pologne\u00a0\u00bb<\/div>\n<div class=\"mdjAuteur\">Woody Allen<\/div>\n<div class=\"mdjComplements\">Je n&rsquo;ai pas trouv\u00e9 de citation s\u00e9rieuse pour honorer Richard Wagner, n\u00e9 il y a 200 ans, le 22 mai 1813 \u00e0 Leipzig, alors je fais appel \u00e0 ce trait d&rsquo;humour de Woody Allen qui rappelle la passion des nazis pour Wagner.<\/div>\n<div class=\"mdjComplements\">Richard Wagner a \u00e9t\u00e9 un g\u00e9nie de la musique, il a invent\u00e9 l&rsquo;art total. Rappelons qu&rsquo;il \u00e9crivait les textes comme la musique de ses op\u00e9ras qui ont r\u00e9volutionn\u00e9 la musique.<\/div>\n<div class=\"mdjComplements\">On n&rsquo;\u00e9crivait plus la m\u00eame musique apr\u00e8s Wagner, et on ne voyait plus l&rsquo;op\u00e9ra de la m\u00eame mani\u00e8re.<\/div>\n<div class=\"mdjComplements\">Dans son livre initiatique \u00ab\u00a0Le voyage artistique \u00e0 Bayreuth\u00a0\u00bb, bible des wagn\u00e9riens, Albert Lavignac avait \u00e9crit, \u00ab On va \u00e0 Bayreuth, comme on veut, \u00e0 pied, \u00e0 cheval, en voiture, \u00e0 v\u00e9lo et le vrai p\u00e8lerin devrait y aller \u00e0 genoux. \u00bb<\/div>\n<div class=\"mdjComplements\">Cela \u00e9tant ce n&rsquo;\u00e9tait pas un homme tr\u00e8s recommandable, antis\u00e9mite notoire, il ne s&rsquo;int\u00e9ressait aux autres que s&rsquo;il pouvait en tirer un b\u00e9n\u00e9fice.<\/div>\n<div class=\"mdjComplements\">Les grands artistes sont rarement des gens convenables.<\/div>\n<div class=\"mdjComplements\">Un mot du jour r\u00e9cent \u00e9tait consacr\u00e9 \u00e0 Trenet. Lors de l&rsquo;\u00e9mission du 1er mai que lui avait consacr\u00e9 les matins de France Culture o\u00f9 pendant une heure on a vant\u00e9 son talent, son inspiration et aussi ses blessures, tout \u00e0 fait \u00e0 la fin Marc Voinchet a pos\u00e9 la question suivante \u00e0 Bertrand Dicale, historien de la chanson : \u00ab\u00a0Il faut le dire : en fin de compte Charles Trenet \u00e9tait un sale type ?\u00a0\u00bb et l&rsquo;historien a simplement r\u00e9pondu \u00ab\u00a0oui\u00a0\u00bb.<\/div>\n","protected":false},"excerpt":{"rendered":"<p>Mercredi 22 mai 2013 \u00ab\u00a0Chaque fois que j&rsquo;entends du Wagner, j&rsquo;ai envie d&rsquo;envahir la Pologne\u00a0\u00bb Woody Allen Je n&rsquo;ai pas trouv\u00e9 de citation s\u00e9rieuse pour honorer Richard Wagner, n\u00e9 il y a 200 ans, le 22 mai 1813 \u00e0 Leipzig,<\/p>\n","protected":false},"author":1,"featured_media":0,"comment_status":"closed","ping_status":"closed","sticky":false,"template":"","format":"standard","meta":{"footnotes":""},"categories":[1],"tags":[],"class_list":["post-2095","post","type-post","status-publish","format-standard","hentry","category-motdujour"],"_links":{"self":[{"href":"https:\/\/lemotdujour.fr\/index.php?rest_route=\/wp\/v2\/posts\/2095","targetHints":{"allow":["GET"]}}],"collection":[{"href":"https:\/\/lemotdujour.fr\/index.php?rest_route=\/wp\/v2\/posts"}],"about":[{"href":"https:\/\/lemotdujour.fr\/index.php?rest_route=\/wp\/v2\/types\/post"}],"author":[{"embeddable":true,"href":"https:\/\/lemotdujour.fr\/index.php?rest_route=\/wp\/v2\/users\/1"}],"replies":[{"embeddable":true,"href":"https:\/\/lemotdujour.fr\/index.php?rest_route=%2Fwp%2Fv2%2Fcomments&post=2095"}],"version-history":[{"count":1,"href":"https:\/\/lemotdujour.fr\/index.php?rest_route=\/wp\/v2\/posts\/2095\/revisions"}],"predecessor-version":[{"id":2096,"href":"https:\/\/lemotdujour.fr\/index.php?rest_route=\/wp\/v2\/posts\/2095\/revisions\/2096"}],"wp:attachment":[{"href":"https:\/\/lemotdujour.fr\/index.php?rest_route=%2Fwp%2Fv2%2Fmedia&parent=2095"}],"wp:term":[{"taxonomy":"category","embeddable":true,"href":"https:\/\/lemotdujour.fr\/index.php?rest_route=%2Fwp%2Fv2%2Fcategories&post=2095"},{"taxonomy":"post_tag","embeddable":true,"href":"https:\/\/lemotdujour.fr\/index.php?rest_route=%2Fwp%2Fv2%2Ftags&post=2095"}],"curies":[{"name":"wp","href":"https:\/\/api.w.org\/{rel}","templated":true}]}}