{"id":2091,"date":"2013-05-16T02:00:00","date_gmt":"2013-05-15T22:00:00","guid":{"rendered":"http:\/\/lemotdujour.fr\/?p=2091"},"modified":"2017-05-20T16:00:54","modified_gmt":"2017-05-20T14:00:54","slug":"jeudi-16-mai-2013","status":"publish","type":"post","link":"https:\/\/lemotdujour.fr\/?p=2091","title":{"rendered":"Jeudi 16 mai 2013"},"content":{"rendered":"<div class=\"mdjDate\">Jeudi 16 mai 2013<\/div>\n<div class=\"mdjTexte\">\u00ab\u00a0Les perspectives de croissance \u00e9conomique stable et durable seraient bien meilleures, si nous ne vivions pas dans un monde o\u00f9 0, 5 % des plus riches accaparent 35 % des avoirs de la plan\u00e8te\u00a0\u00bb<\/div>\n<div class=\"mdjAuteur\">Christine Lagarde Directrice g\u00e9n\u00e9rale du Fonds mon\u00e9taire international (FMI), Mercredi 15 mai 2013<\/div>\n<div class=\"mdjComplements\">Si m\u00eame le FMI le dit\u00a0!<\/div>\n<div class=\"mdjComplements\">Et pour sortir du d\u00e9bat franco-fran\u00e7ais voici un journal canadien qui analyse ce propos :<\/div>\n<p><a href=\"http:\/\/www.ledevoir.com\/economie\/actualites-economiques\/378357\/0-5-de-la-population-accapare-35-des-avoirs\">http:\/\/www.ledevoir.com\/economie\/actualites-economiques\/378357\/0-5-de-la-population-accapare-35-des-avoirs<\/a><\/p>\n","protected":false},"excerpt":{"rendered":"<p>Jeudi 16 mai 2013 \u00ab\u00a0Les perspectives de croissance \u00e9conomique stable et durable seraient bien meilleures, si nous ne vivions pas dans un monde o\u00f9 0, 5 % des plus riches accaparent 35 % des avoirs de la plan\u00e8te\u00a0\u00bb Christine Lagarde<\/p>\n","protected":false},"author":1,"featured_media":0,"comment_status":"closed","ping_status":"closed","sticky":false,"template":"","format":"standard","meta":{"footnotes":""},"categories":[1],"tags":[],"class_list":["post-2091","post","type-post","status-publish","format-standard","hentry","category-motdujour"],"_links":{"self":[{"href":"https:\/\/lemotdujour.fr\/index.php?rest_route=\/wp\/v2\/posts\/2091","targetHints":{"allow":["GET"]}}],"collection":[{"href":"https:\/\/lemotdujour.fr\/index.php?rest_route=\/wp\/v2\/posts"}],"about":[{"href":"https:\/\/lemotdujour.fr\/index.php?rest_route=\/wp\/v2\/types\/post"}],"author":[{"embeddable":true,"href":"https:\/\/lemotdujour.fr\/index.php?rest_route=\/wp\/v2\/users\/1"}],"replies":[{"embeddable":true,"href":"https:\/\/lemotdujour.fr\/index.php?rest_route=%2Fwp%2Fv2%2Fcomments&post=2091"}],"version-history":[{"count":1,"href":"https:\/\/lemotdujour.fr\/index.php?rest_route=\/wp\/v2\/posts\/2091\/revisions"}],"predecessor-version":[{"id":2092,"href":"https:\/\/lemotdujour.fr\/index.php?rest_route=\/wp\/v2\/posts\/2091\/revisions\/2092"}],"wp:attachment":[{"href":"https:\/\/lemotdujour.fr\/index.php?rest_route=%2Fwp%2Fv2%2Fmedia&parent=2091"}],"wp:term":[{"taxonomy":"category","embeddable":true,"href":"https:\/\/lemotdujour.fr\/index.php?rest_route=%2Fwp%2Fv2%2Fcategories&post=2091"},{"taxonomy":"post_tag","embeddable":true,"href":"https:\/\/lemotdujour.fr\/index.php?rest_route=%2Fwp%2Fv2%2Ftags&post=2091"}],"curies":[{"name":"wp","href":"https:\/\/api.w.org\/{rel}","templated":true}]}}