{"id":2089,"date":"2013-05-15T02:00:00","date_gmt":"2013-05-14T22:00:00","guid":{"rendered":"http:\/\/lemotdujour.fr\/?p=2089"},"modified":"2017-05-20T16:00:53","modified_gmt":"2017-05-20T14:00:53","slug":"mercredi-15-mai-2013","status":"publish","type":"post","link":"https:\/\/lemotdujour.fr\/?p=2089","title":{"rendered":"Mercredi 15 mai 2013"},"content":{"rendered":"<div class=\"mdjDate\">Mercredi 15 mai 2013<\/div>\n<div class=\"mdjTexte\">\u00abLe village vertical de Villeurbanne\u00bb<\/div>\n<div class=\"mdjAuteur\">Journal \u00ab\u00a0Le Monde\u00a0\u00bb<\/div>\n<div class=\"mdjComplements\">Il peut arriver que le mot du jour soit myst\u00e9rieux et ne puisse se comprendre par sa seule lecture&#8230;<\/div>\n<div class=\"mdjComplements\">Il est aussi utile et constructif que l&rsquo;on ne s&rsquo;attache pas seulement aux dysfonctionnements de ce monde, mais qu&rsquo;on s&rsquo;arr\u00eate aussi aux initiatives positives et lumineuses, surtout lorsqu&rsquo;elles se r\u00e9alisent juste \u00e0 c\u00f4t\u00e9 de Lyon.<\/div>\n<div class=\"mdjComplements\">Pour comprendre c&rsquo;est ici \u00ab <a href=\"http:\/\/crise.blog.lemonde.fr\/2013\/05\/14\/a-villeurbanne-un-village-vertical-comme-une-alternative-a-la-crise-du-logement\/\">http:\/\/crise.blog.lemonde.fr\/2013\/05\/14\/a-villeurbanne-un-village-vertical-comme-une-alternative-a-la-crise-du-logement\/<\/a><\/div>\n","protected":false},"excerpt":{"rendered":"<p>Mercredi 15 mai 2013 \u00abLe village vertical de Villeurbanne\u00bb Journal \u00ab\u00a0Le Monde\u00a0\u00bb Il peut arriver que le mot du jour soit myst\u00e9rieux et ne puisse se comprendre par sa seule lecture&#8230; Il est aussi utile et constructif que l&rsquo;on ne<\/p>\n","protected":false},"author":1,"featured_media":0,"comment_status":"closed","ping_status":"closed","sticky":false,"template":"","format":"standard","meta":{"footnotes":""},"categories":[1],"tags":[],"class_list":["post-2089","post","type-post","status-publish","format-standard","hentry","category-motdujour"],"_links":{"self":[{"href":"https:\/\/lemotdujour.fr\/index.php?rest_route=\/wp\/v2\/posts\/2089","targetHints":{"allow":["GET"]}}],"collection":[{"href":"https:\/\/lemotdujour.fr\/index.php?rest_route=\/wp\/v2\/posts"}],"about":[{"href":"https:\/\/lemotdujour.fr\/index.php?rest_route=\/wp\/v2\/types\/post"}],"author":[{"embeddable":true,"href":"https:\/\/lemotdujour.fr\/index.php?rest_route=\/wp\/v2\/users\/1"}],"replies":[{"embeddable":true,"href":"https:\/\/lemotdujour.fr\/index.php?rest_route=%2Fwp%2Fv2%2Fcomments&post=2089"}],"version-history":[{"count":1,"href":"https:\/\/lemotdujour.fr\/index.php?rest_route=\/wp\/v2\/posts\/2089\/revisions"}],"predecessor-version":[{"id":2090,"href":"https:\/\/lemotdujour.fr\/index.php?rest_route=\/wp\/v2\/posts\/2089\/revisions\/2090"}],"wp:attachment":[{"href":"https:\/\/lemotdujour.fr\/index.php?rest_route=%2Fwp%2Fv2%2Fmedia&parent=2089"}],"wp:term":[{"taxonomy":"category","embeddable":true,"href":"https:\/\/lemotdujour.fr\/index.php?rest_route=%2Fwp%2Fv2%2Fcategories&post=2089"},{"taxonomy":"post_tag","embeddable":true,"href":"https:\/\/lemotdujour.fr\/index.php?rest_route=%2Fwp%2Fv2%2Ftags&post=2089"}],"curies":[{"name":"wp","href":"https:\/\/api.w.org\/{rel}","templated":true}]}}