{"id":2087,"date":"2013-05-14T02:00:00","date_gmt":"2013-05-13T22:00:00","guid":{"rendered":"http:\/\/lemotdujour.fr\/?p=2087"},"modified":"2018-01-28T11:59:11","modified_gmt":"2018-01-28T10:59:11","slug":"mardi-14-mai-2013","status":"publish","type":"post","link":"https:\/\/lemotdujour.fr\/?p=2087","title":{"rendered":"Mardi 14 mai 2013"},"content":{"rendered":"<div class=\"mdjDate\">Mardi 14 mai 2013<\/div>\n<div class=\"mdjTexte\">\u00ab\u00a0Sommes-nous capables de regarder en face (la vie de) ceux qui nous permettent de consommer comme nous le faisons ?\u00a0\u00bb<\/div>\n<div class=\"mdjAuteur\">Michel Wieviorka &amp; Anthony Mah\u00e9<\/div>\n<div class=\"mdjComplements\">Apr\u00e8s le drame de l&rsquo;usine textile du Bengladesh, (l&rsquo;immeuble de neuf \u00e9tages qui s&rsquo;est effondr\u00e9 pr\u00e8s de Dacca le 24 avril, a fait 1 127 morts, selon le bilan rapport\u00e9 par le Parisien du 13\/05), deux chercheurs en science humaine posent cette question qui devrait nous interpeller : \u00ab\u00a0Sommes-nous capables de regarder en face (la vie de) ceux qui nous permettent de consommer comme nous le faisons ?\u00a0\u00bb<\/div>\n<div class=\"mdjComplements\">Cette question est le titre d&rsquo;un article sur le site Atlantico, o\u00f9 ils \u00e9crivent \u00e9galement :<\/div>\n<div class=\"mdjCiter\">\u00ab\u00a0Les \u00ab\u00a0connaissances \u00e9conomiques\u00a0\u00bb des consommateurs fran\u00e7ais leur permettent-elles de comprendre que le prix auquel nous payons nos produits d\u00e9coule forc\u00e9ment de main d\u2019\u0153uvre sous-pay\u00e9e ?\u00a0\u00bb<\/div>\n<div class=\"mdjComplements\"><span style=\"color: #0000ff;\">&lt;<a style=\"color: #0000ff;\" href=\"http:\/\/www.atlantico.fr\/decryptage\/sommes-capables-regarder-en-face-vie-ceux-qui-permettent-consommer-anthony-mahe-michei-wieviorka-717178.html\">http:\/\/www.atlantico.fr\/decryptage\/sommes-capables-regarder-en-face-vie-ceux-qui-permettent-consommer-anthony-mahe-michei-wieviorka-717178.html<\/a>&gt;<\/span><\/div>\n<div><span style=\"color: #800000;\">&lt;103&gt;<\/span><\/div>\n","protected":false},"excerpt":{"rendered":"<p>Mardi 14 mai 2013 \u00ab\u00a0Sommes-nous capables de regarder en face (la vie de) ceux qui nous permettent de consommer comme nous le faisons ?\u00a0\u00bb Michel Wieviorka &amp; Anthony Mah\u00e9 Apr\u00e8s le drame de l&rsquo;usine textile du Bengladesh, (l&rsquo;immeuble de neuf<\/p>\n","protected":false},"author":1,"featured_media":0,"comment_status":"closed","ping_status":"closed","sticky":false,"template":"","format":"standard","meta":{"footnotes":""},"categories":[1],"tags":[74,10,18],"class_list":["post-2087","post","type-post","status-publish","format-standard","hentry","category-motdujour","tag-consumerisme","tag-economie","tag-international"],"_links":{"self":[{"href":"https:\/\/lemotdujour.fr\/index.php?rest_route=\/wp\/v2\/posts\/2087","targetHints":{"allow":["GET"]}}],"collection":[{"href":"https:\/\/lemotdujour.fr\/index.php?rest_route=\/wp\/v2\/posts"}],"about":[{"href":"https:\/\/lemotdujour.fr\/index.php?rest_route=\/wp\/v2\/types\/post"}],"author":[{"embeddable":true,"href":"https:\/\/lemotdujour.fr\/index.php?rest_route=\/wp\/v2\/users\/1"}],"replies":[{"embeddable":true,"href":"https:\/\/lemotdujour.fr\/index.php?rest_route=%2Fwp%2Fv2%2Fcomments&post=2087"}],"version-history":[{"count":4,"href":"https:\/\/lemotdujour.fr\/index.php?rest_route=\/wp\/v2\/posts\/2087\/revisions"}],"predecessor-version":[{"id":4047,"href":"https:\/\/lemotdujour.fr\/index.php?rest_route=\/wp\/v2\/posts\/2087\/revisions\/4047"}],"wp:attachment":[{"href":"https:\/\/lemotdujour.fr\/index.php?rest_route=%2Fwp%2Fv2%2Fmedia&parent=2087"}],"wp:term":[{"taxonomy":"category","embeddable":true,"href":"https:\/\/lemotdujour.fr\/index.php?rest_route=%2Fwp%2Fv2%2Fcategories&post=2087"},{"taxonomy":"post_tag","embeddable":true,"href":"https:\/\/lemotdujour.fr\/index.php?rest_route=%2Fwp%2Fv2%2Ftags&post=2087"}],"curies":[{"name":"wp","href":"https:\/\/api.w.org\/{rel}","templated":true}]}}