{"id":2085,"date":"2013-05-13T02:00:00","date_gmt":"2013-05-12T22:00:00","guid":{"rendered":"http:\/\/lemotdujour.fr\/?p=2085"},"modified":"2017-05-20T16:00:51","modified_gmt":"2017-05-20T14:00:51","slug":"lundi-13-mai-2013","status":"publish","type":"post","link":"https:\/\/lemotdujour.fr\/?p=2085","title":{"rendered":"Lundi 13 mai 2013"},"content":{"rendered":"<div class=\"mdjDate\">Lundi 13 mai 2013<\/div>\n<div class=\"mdjTexte\">\u00ab\u00a0Et je te donne ce po\u00e8me<br \/>Oui je t\u2019aime<br \/>Dans la joie ou la douleur<br \/>Douce France<br \/>Cher pays de mon enfance<br \/>Berc\u00e9e de tendre insouciance<br \/>Je t\u2019ai gard\u00e9e dans mon c\u0153ur\u00a0\u00bb<\/div>\n<div class=\"mdjAuteur\">Charles Trenet <br \/>(n\u00e9 le 18 mai 1913 \u00e0 Narbonne &#8211; mort le 19 f\u00e9vrier 2001 \u00e0 Cr\u00e9teil)<\/div>\n<div class=\"mdjComplements\">Dans ce moment o\u00f9 la France ne va pas bien.<\/div>\n<div class=\"mdjComplements\">O\u00f9 les fran\u00e7ais sont les terriens les plus pessimistes de la plan\u00e8te.<\/div>\n<div class=\"mdjComplements\">O\u00f9 pourtant beaucoup d&rsquo;\u00e9trangers nous rappellent le bonheur de vivre dans notre pays.<\/div>\n<div class=\"mdjComplements\">Les paroles du po\u00e8te qui, samedi prochain, sera n\u00e9 il y a cent ans :<\/div>\n<table>\n<tr>\n<td>\n<div class=\"mdjCiter\">Il revient \u00e0 ma m\u00e9moire<\/div>\n<div class=\"mdjCiter\">Des souvenirs familiers<\/div>\n<div class=\"mdjCiter\">Je revois ma blouse noire<\/div>\n<div class=\"mdjCiter\">Lorsque j&rsquo;\u00e9tais \u00e9colier<\/div>\n<div class=\"mdjCiter\">Sur le chemin de l&rsquo;\u00e9cole<\/div>\n<\/td>\n<td>\n<div class=\"mdjCiter\">Je chantais \u00e0 pleine voix<\/div>\n<div class=\"mdjCiter\">Des romances sans paroles<\/div>\n<div class=\"mdjCiter\">Vieilles chansons d&rsquo;autrefois<em> [Refrain\u00a0: ]<\/em><\/div>\n<div class=\"mdjCiter\"><em>Douce France<\/em><\/div>\n<div class=\"mdjCiter\"><em>Cher pays de mon enfance<\/em><\/div>\n<\/td>\n<\/tr>\n<tr>\n<td>\n<div class=\"mdjCiter\"><em>Berc\u00e9e de tendre insouciance<\/em><\/div>\n<div class=\"mdjCiter\"><em>Je t&rsquo;ai gard\u00e9e dans mon c\u0153ur!<\/em><\/div>\n<div class=\"mdjCiter\">Mon village au clocher aux maisons sages<\/div>\n<div class=\"mdjCiter\">O\u00f9 les enfants de mon \u00e2ge<\/div>\n<div class=\"mdjCiter\">Ont partag\u00e9 mon bonheur<\/div>\n<div class=\"mdjCiter\">Oui je t&rsquo;aime<\/div>\n<div class=\"mdjCiter\">Et je te donne ce po\u00e8me<\/div>\n<div class=\"mdjCiter\">Oui je t&rsquo;aime<\/div>\n<div class=\"mdjCiter\">Dans la joie ou la douleur<\/div>\n<div class=\"mdjCiter\">[Refrain] <\/div>\n<div class=\"mdjCiter\">J&rsquo;ai connu des paysages<\/div>\n<div class=\"mdjCiter\">Et des soleils merveilleux<\/div>\n<div class=\"mdjCiter\">Au cours de lointains voyages<\/div>\n<div class=\"mdjCiter\">Tout l\u00e0-bas sous d&rsquo;autres cieux<\/div>\n<\/td>\n<td>\n<div class=\"mdjCiter\">Mais combien je leur pr\u00e9f\u00e8re<\/div>\n<div class=\"mdjCiter\">Mon ciel bleu mon horizon<\/div>\n<div class=\"mdjCiter\">Ma grande route et ma rivi\u00e8re<\/div>\n<div class=\"mdjCiter\">Ma prairie et ma maison.<\/div>\n<div class=\"mdjCiter\">[Refrain]<\/div>\n<div class=\"mdjCiter\">Mon village au clocher aux maisons sages<\/div>\n<div class=\"mdjCiter\">O\u00f9 les enfants de mon \u00e2ge<\/div>\n<div class=\"mdjCiter\">Ont partag\u00e9 mon bonheur<\/div>\n<div class=\"mdjCiter\">Oui je t&rsquo;aime<\/div>\n<div class=\"mdjCiter\">Et je te donne ce po\u00e8me<\/div>\n<div class=\"mdjCiter\">Oui je t&rsquo;aime<\/div>\n<div class=\"mdjCiter\">Dans la joie ou la douleur<\/div>\n<div class=\"mdjCiter\">[Refrain]<\/div>\n<\/td>\n<\/tr>\n<\/table>\n","protected":false},"excerpt":{"rendered":"<p>Lundi 13 mai 2013 \u00ab\u00a0Et je te donne ce po\u00e8meOui je t\u2019aimeDans la joie ou la douleurDouce FranceCher pays de mon enfanceBerc\u00e9e de tendre insoucianceJe t\u2019ai gard\u00e9e dans mon c\u0153ur\u00a0\u00bb Charles Trenet (n\u00e9 le 18 mai 1913 \u00e0 Narbonne &#8211;<\/p>\n","protected":false},"author":1,"featured_media":0,"comment_status":"closed","ping_status":"closed","sticky":false,"template":"","format":"standard","meta":{"footnotes":""},"categories":[1],"tags":[],"class_list":["post-2085","post","type-post","status-publish","format-standard","hentry","category-motdujour"],"_links":{"self":[{"href":"https:\/\/lemotdujour.fr\/index.php?rest_route=\/wp\/v2\/posts\/2085","targetHints":{"allow":["GET"]}}],"collection":[{"href":"https:\/\/lemotdujour.fr\/index.php?rest_route=\/wp\/v2\/posts"}],"about":[{"href":"https:\/\/lemotdujour.fr\/index.php?rest_route=\/wp\/v2\/types\/post"}],"author":[{"embeddable":true,"href":"https:\/\/lemotdujour.fr\/index.php?rest_route=\/wp\/v2\/users\/1"}],"replies":[{"embeddable":true,"href":"https:\/\/lemotdujour.fr\/index.php?rest_route=%2Fwp%2Fv2%2Fcomments&post=2085"}],"version-history":[{"count":1,"href":"https:\/\/lemotdujour.fr\/index.php?rest_route=\/wp\/v2\/posts\/2085\/revisions"}],"predecessor-version":[{"id":2086,"href":"https:\/\/lemotdujour.fr\/index.php?rest_route=\/wp\/v2\/posts\/2085\/revisions\/2086"}],"wp:attachment":[{"href":"https:\/\/lemotdujour.fr\/index.php?rest_route=%2Fwp%2Fv2%2Fmedia&parent=2085"}],"wp:term":[{"taxonomy":"category","embeddable":true,"href":"https:\/\/lemotdujour.fr\/index.php?rest_route=%2Fwp%2Fv2%2Fcategories&post=2085"},{"taxonomy":"post_tag","embeddable":true,"href":"https:\/\/lemotdujour.fr\/index.php?rest_route=%2Fwp%2Fv2%2Ftags&post=2085"}],"curies":[{"name":"wp","href":"https:\/\/api.w.org\/{rel}","templated":true}]}}