{"id":2081,"date":"2013-05-06T02:00:00","date_gmt":"2013-05-05T22:00:00","guid":{"rendered":"http:\/\/lemotdujour.fr\/?p=2081"},"modified":"2017-05-20T16:00:48","modified_gmt":"2017-05-20T14:00:48","slug":"lundi-06-mai-2013","status":"publish","type":"post","link":"https:\/\/lemotdujour.fr\/?p=2081","title":{"rendered":"Lundi 06 mai 2013"},"content":{"rendered":"<div class=\"mdjDate\">Lundi 06 mai 2013<\/div>\n<div class=\"mdjTexte\">\u00ab\u00a0Que la force me soit donn\u00e9e de supporter ce qui ne peut \u00eatre chang\u00e9 et le courage de changer ce qui peut l\u2019\u00eatre mais aussi la sagesse de distinguer l\u2019un de l\u2019autre.\u00a0\u00bb<\/div>\n<div class=\"mdjAuteur\">Marc-Aur\u00e8le<\/div>\n<div class=\"mdjComplements\">Ce fut \u00e0 la fin d&rsquo;une journ\u00e9e harassante de formation, le vendredi 05\/10\/2012, o\u00f9 Betty \u00e9tait formatrice que je fis appel \u00e0 ma m\u00e9moire pour essayer d&rsquo;\u00e9clairer le pr\u00e9sent par un mot du pass\u00e9.<\/div>\n<div class=\"mdjComplements\">Betty m&rsquo;a alors lanc\u00e9 le d\u00e9fi d&rsquo;\u00e9crire un mot du jour r\u00e9guli\u00e8rement.<\/div>\n<div class=\"mdjComplements\">Ainsi le premier mot du jour fut envoy\u00e9 le Mardi 09\/10\/2012.<\/div>\n<div class=\"mdjComplements\">Depuis chaque fois que je passe un moment de la journ\u00e9e dans mon bureau, j&rsquo;envoie un mot du jour \u00e0 un petit cercle d&rsquo;initi\u00e9s.<\/div>\n<div class=\"mdjComplements\">Voici le centi\u00e8me.<\/div>\n<div class=\"mdjComplements\">Il ne saurait \u00eatre banal. J&rsquo;ai donc d\u00e9cid\u00e9 de faire appel \u00e0 un mot qui constitue une source d&rsquo;inspiration permanente et que longtemps je fis figurer en bas de mes messages professionnels<\/div>\n","protected":false},"excerpt":{"rendered":"<p>Lundi 06 mai 2013 \u00ab\u00a0Que la force me soit donn\u00e9e de supporter ce qui ne peut \u00eatre chang\u00e9 et le courage de changer ce qui peut l\u2019\u00eatre mais aussi la sagesse de distinguer l\u2019un de l\u2019autre.\u00a0\u00bb Marc-Aur\u00e8le Ce fut \u00e0<\/p>\n","protected":false},"author":1,"featured_media":0,"comment_status":"closed","ping_status":"closed","sticky":false,"template":"","format":"standard","meta":{"footnotes":""},"categories":[1],"tags":[],"class_list":["post-2081","post","type-post","status-publish","format-standard","hentry","category-motdujour"],"_links":{"self":[{"href":"https:\/\/lemotdujour.fr\/index.php?rest_route=\/wp\/v2\/posts\/2081","targetHints":{"allow":["GET"]}}],"collection":[{"href":"https:\/\/lemotdujour.fr\/index.php?rest_route=\/wp\/v2\/posts"}],"about":[{"href":"https:\/\/lemotdujour.fr\/index.php?rest_route=\/wp\/v2\/types\/post"}],"author":[{"embeddable":true,"href":"https:\/\/lemotdujour.fr\/index.php?rest_route=\/wp\/v2\/users\/1"}],"replies":[{"embeddable":true,"href":"https:\/\/lemotdujour.fr\/index.php?rest_route=%2Fwp%2Fv2%2Fcomments&post=2081"}],"version-history":[{"count":1,"href":"https:\/\/lemotdujour.fr\/index.php?rest_route=\/wp\/v2\/posts\/2081\/revisions"}],"predecessor-version":[{"id":2082,"href":"https:\/\/lemotdujour.fr\/index.php?rest_route=\/wp\/v2\/posts\/2081\/revisions\/2082"}],"wp:attachment":[{"href":"https:\/\/lemotdujour.fr\/index.php?rest_route=%2Fwp%2Fv2%2Fmedia&parent=2081"}],"wp:term":[{"taxonomy":"category","embeddable":true,"href":"https:\/\/lemotdujour.fr\/index.php?rest_route=%2Fwp%2Fv2%2Fcategories&post=2081"},{"taxonomy":"post_tag","embeddable":true,"href":"https:\/\/lemotdujour.fr\/index.php?rest_route=%2Fwp%2Fv2%2Ftags&post=2081"}],"curies":[{"name":"wp","href":"https:\/\/api.w.org\/{rel}","templated":true}]}}