{"id":2079,"date":"2013-05-03T02:00:00","date_gmt":"2013-05-02T22:00:00","guid":{"rendered":"http:\/\/lemotdujour.fr\/?p=2079"},"modified":"2017-05-20T16:00:47","modified_gmt":"2017-05-20T14:00:47","slug":"vendredi-03-mai-2013","status":"publish","type":"post","link":"https:\/\/lemotdujour.fr\/?p=2079","title":{"rendered":"Vendredi 03 mai 2013"},"content":{"rendered":"<div class=\"mdjDate\">Vendredi 03 mai 2013<\/div>\n<div class=\"mdjTexte\">\u00ab\u00a0l&rsquo;ensemble des \u00eatres humains est de moins en moins n\u00e9cessaire au petit nombre qui fa\u00e7onne l&rsquo;\u00e9conomie et d\u00e9tient le pouvoir.\u00a0\u00bb<\/div>\n<div class=\"mdjAuteur\">Viviane Forrester \u00ab\u00a0L&rsquo;horreur \u00e9conomique.\u00a0\u00bb<\/div>\n<div class=\"mdjComplements\">Viviane Forrester vient de mourir. Elle n&rsquo;\u00e9tait pas \u00e9conomiste mais romanci\u00e8re. Mais probablement, mieux qu&rsquo;un \u00e9conomiste, elle a su dans son livre \u00ab\u00a0L&rsquo;horreur \u00e9conomique\u00a0\u00bb d\u00e9cortiquer les forces en pr\u00e9sence et l&rsquo;\u00e9volution du monde \u00e9conomique d&rsquo;aujourd&rsquo;hui.<\/div>\n<div class=\"mdjComplements\">Voici le mot du jour dans son contexte :<\/div>\n<div class=\"mdjCiter\">\u00ab Nous vivons au sein d&rsquo;un leurre magistral, d&rsquo;un monde disparu que des politiques artificielles pr\u00e9tendent perp\u00e9tuer. Nos concepts du travail et par l\u00e0 du ch\u00f4mage, autour desquels la politique se joue (ou pr\u00e9tend se jouer) n&rsquo;ont plus de substance : des millions de vies sont ravag\u00e9es, des destins sont an\u00e9antis par cet anachronisme.<\/div>\n<div class=\"mdjCiter\">L&rsquo;imposture g\u00e9n\u00e9rale continue d&rsquo;imposer les syst\u00e8mes d&rsquo;une soci\u00e9t\u00e9 p\u00e9rim\u00e9e afin que passe inaper\u00e7ue une nouvelle forme de civilisation qui d\u00e9j\u00e0 pointe, o\u00f9 seul un tr\u00e8s faible pourcentage de la population terrestre trouvera des fonctions.<\/div>\n<div class=\"mdjCiter\">L&rsquo;extinction du travail passe pour une simple \u00e9clipse alors que, pour la premi\u00e8re fois dans l&rsquo;Histoire, l&rsquo;ensemble des \u00eatres humains est de moins en moins n\u00e9cessaire au petit nombre qui fa\u00e7onne l&rsquo;\u00e9conomie et d\u00e9tient le pouvoir. Nous d\u00e9couvrons qu&rsquo;au-del\u00e0 de l&rsquo;exploitation des hommes, il y avait pire, et que, devant le fait de n&rsquo;\u00eatre plus m\u00eame exploitable, la foule des hommes tenus pour superflus peut trembler, et chaque homme dans cette foule. De l&rsquo;exploitation \u00e0 l&rsquo;exclusion, de l&rsquo;exclusion \u00e0 l&rsquo;\u00e9limination&#8230; ?\u00a0\u00bb (L&rsquo;horreur \u00e9conomique par Viviane Forrester \u2013 1996 \u2013 Fayard)<\/div>\n<div class=\"mdjComplements\">Voici l&rsquo;article du Monde qui lui est consacr\u00e9 : <a href=\"http:\/\/www.lemonde.fr\/disparitions\/article\/2013\/05\/02\/viviane-forrester-romanciere-essayiste_3170221_3382.html\">http:\/\/www.lemonde.fr\/disparitions\/article\/2013\/05\/02\/viviane-forrester-romanciere-essayiste_3170221_3382.html<\/a><\/div>\n<div class=\"mdjComplements\">et voici un site (dont le design est un peu \u00ab\u00a0incertain\u00a0\u00bb mais&#8230;) qui publie des extraits de \u00ab\u00a0l&rsquo;Horreur Economique\u00a0\u00bb : <a href=\"http:\/\/ultraliberalisme.online.fr\/HorreurEconomique.htm\">http:\/\/ultraliberalisme.online.fr\/HorreurEconomique.htm<\/a><\/div>\n","protected":false},"excerpt":{"rendered":"<p>Vendredi 03 mai 2013 \u00ab\u00a0l&rsquo;ensemble des \u00eatres humains est de moins en moins n\u00e9cessaire au petit nombre qui fa\u00e7onne l&rsquo;\u00e9conomie et d\u00e9tient le pouvoir.\u00a0\u00bb Viviane Forrester \u00ab\u00a0L&rsquo;horreur \u00e9conomique.\u00a0\u00bb Viviane Forrester vient de mourir. Elle n&rsquo;\u00e9tait pas \u00e9conomiste mais romanci\u00e8re. Mais<\/p>\n","protected":false},"author":1,"featured_media":0,"comment_status":"closed","ping_status":"closed","sticky":false,"template":"","format":"standard","meta":{"footnotes":""},"categories":[1],"tags":[],"class_list":["post-2079","post","type-post","status-publish","format-standard","hentry","category-motdujour"],"_links":{"self":[{"href":"https:\/\/lemotdujour.fr\/index.php?rest_route=\/wp\/v2\/posts\/2079","targetHints":{"allow":["GET"]}}],"collection":[{"href":"https:\/\/lemotdujour.fr\/index.php?rest_route=\/wp\/v2\/posts"}],"about":[{"href":"https:\/\/lemotdujour.fr\/index.php?rest_route=\/wp\/v2\/types\/post"}],"author":[{"embeddable":true,"href":"https:\/\/lemotdujour.fr\/index.php?rest_route=\/wp\/v2\/users\/1"}],"replies":[{"embeddable":true,"href":"https:\/\/lemotdujour.fr\/index.php?rest_route=%2Fwp%2Fv2%2Fcomments&post=2079"}],"version-history":[{"count":1,"href":"https:\/\/lemotdujour.fr\/index.php?rest_route=\/wp\/v2\/posts\/2079\/revisions"}],"predecessor-version":[{"id":2080,"href":"https:\/\/lemotdujour.fr\/index.php?rest_route=\/wp\/v2\/posts\/2079\/revisions\/2080"}],"wp:attachment":[{"href":"https:\/\/lemotdujour.fr\/index.php?rest_route=%2Fwp%2Fv2%2Fmedia&parent=2079"}],"wp:term":[{"taxonomy":"category","embeddable":true,"href":"https:\/\/lemotdujour.fr\/index.php?rest_route=%2Fwp%2Fv2%2Fcategories&post=2079"},{"taxonomy":"post_tag","embeddable":true,"href":"https:\/\/lemotdujour.fr\/index.php?rest_route=%2Fwp%2Fv2%2Ftags&post=2079"}],"curies":[{"name":"wp","href":"https:\/\/api.w.org\/{rel}","templated":true}]}}