{"id":2077,"date":"2013-05-02T02:00:00","date_gmt":"2013-05-01T22:00:00","guid":{"rendered":"http:\/\/lemotdujour.fr\/?p=2077"},"modified":"2017-05-20T16:00:46","modified_gmt":"2017-05-20T14:00:46","slug":"jeudi-02-mai-2013","status":"publish","type":"post","link":"https:\/\/lemotdujour.fr\/?p=2077","title":{"rendered":"Jeudi 02 mai 2013"},"content":{"rendered":"<div class=\"mdjDate\">Jeudi 02 mai 2013<\/div>\n<div class=\"mdjTexte\">\u00ab\u00a0Je hais les murs qui sont en nous !\u00a0\u00bb<\/div>\n<div class=\"mdjAuteur\">Raymond Devos (1922-2006)<\/div>\n<div class=\"mdjComplements\">Raymond Devos \u00e9tait un humoriste qui jouait avec les mots ;<\/div>\n<div class=\"mdjComplements\">Raymond Devos \u00e9tait un po\u00e8te qui magnifiait les mots ;<\/div>\n<div class=\"mdjComplements\">Raymond Devos \u00e9tait un humaniste qui se servait des mots :<\/div>\n<table>\n<tr>\n<td>\n<div class=\"mdjCiter\">\u00ab\u00a0Je hais les haies<\/div>\n<div class=\"mdjCiter\">Je hais les haies<\/div>\n<div class=\"mdjCiter\">qui sont des murs.<\/div>\n<div class=\"mdjCiter\">Je hais les haies et les m\u00fbriers<\/div>\n<div class=\"mdjCiter\">qui font la haie<\/div>\n<div class=\"mdjCiter\">le long des murs.<\/div>\n<div class=\"mdjCiter\">Je hais les haies<\/div>\n<div class=\"mdjCiter\">qui sont de houx.<\/div>\n<div class=\"mdjCiter\">Je hais les haies<\/div>\n<div class=\"mdjCiter\">qu&rsquo;elles soient de m\u00fbres<\/div>\n<div class=\"mdjCiter\">qu&rsquo;elles soient de houx !<\/div>\n<\/td>\n<td>\n<div class=\"mdjCiter\">Je hais les murs<\/div>\n<div class=\"mdjCiter\">qu&rsquo;ils soient en dur<\/div>\n<div class=\"mdjCiter\">qu&rsquo;ils soient en mou !<\/div>\n<div class=\"mdjCiter\">Je hais les haies<\/div>\n<div class=\"mdjCiter\">qui nous emmurent.<\/div>\n<div class=\"mdjCiter\">Je hais les murs<\/div>\n<div class=\"mdjCiter\">qui sont en nous !\u00a0\u00bb<\/div>\n<\/td>\n<\/tr>\n<\/table>\n","protected":false},"excerpt":{"rendered":"<p>Jeudi 02 mai 2013 \u00ab\u00a0Je hais les murs qui sont en nous !\u00a0\u00bb Raymond Devos (1922-2006) Raymond Devos \u00e9tait un humoriste qui jouait avec les mots ; Raymond Devos \u00e9tait un po\u00e8te qui magnifiait les mots ; Raymond Devos \u00e9tait<\/p>\n","protected":false},"author":1,"featured_media":0,"comment_status":"closed","ping_status":"closed","sticky":false,"template":"","format":"standard","meta":{"footnotes":""},"categories":[1],"tags":[],"class_list":["post-2077","post","type-post","status-publish","format-standard","hentry","category-motdujour"],"_links":{"self":[{"href":"https:\/\/lemotdujour.fr\/index.php?rest_route=\/wp\/v2\/posts\/2077","targetHints":{"allow":["GET"]}}],"collection":[{"href":"https:\/\/lemotdujour.fr\/index.php?rest_route=\/wp\/v2\/posts"}],"about":[{"href":"https:\/\/lemotdujour.fr\/index.php?rest_route=\/wp\/v2\/types\/post"}],"author":[{"embeddable":true,"href":"https:\/\/lemotdujour.fr\/index.php?rest_route=\/wp\/v2\/users\/1"}],"replies":[{"embeddable":true,"href":"https:\/\/lemotdujour.fr\/index.php?rest_route=%2Fwp%2Fv2%2Fcomments&post=2077"}],"version-history":[{"count":1,"href":"https:\/\/lemotdujour.fr\/index.php?rest_route=\/wp\/v2\/posts\/2077\/revisions"}],"predecessor-version":[{"id":2078,"href":"https:\/\/lemotdujour.fr\/index.php?rest_route=\/wp\/v2\/posts\/2077\/revisions\/2078"}],"wp:attachment":[{"href":"https:\/\/lemotdujour.fr\/index.php?rest_route=%2Fwp%2Fv2%2Fmedia&parent=2077"}],"wp:term":[{"taxonomy":"category","embeddable":true,"href":"https:\/\/lemotdujour.fr\/index.php?rest_route=%2Fwp%2Fv2%2Fcategories&post=2077"},{"taxonomy":"post_tag","embeddable":true,"href":"https:\/\/lemotdujour.fr\/index.php?rest_route=%2Fwp%2Fv2%2Ftags&post=2077"}],"curies":[{"name":"wp","href":"https:\/\/api.w.org\/{rel}","templated":true}]}}