{"id":2075,"date":"2013-04-30T02:00:00","date_gmt":"2013-04-29T22:00:00","guid":{"rendered":"http:\/\/lemotdujour.fr\/?p=2075"},"modified":"2017-05-20T16:00:45","modified_gmt":"2017-05-20T14:00:45","slug":"mardi-30-avril-2013","status":"publish","type":"post","link":"https:\/\/lemotdujour.fr\/?p=2075","title":{"rendered":"Mardi 30 avril 2013"},"content":{"rendered":"<div class=\"mdjDate\">Mardi 30 avril 2013<\/div>\n<div class=\"mdjTexte\">\u00ab\u00a0Notre probl\u00e8me de ch\u00f4mage n&rsquo;est pas conjoncturel, il est structurel.\u00a0\u00bb<\/div>\n<div class=\"mdjAuteur\">Michel Rocard<\/div>\n<div class=\"mdjComplements\">Dans un entretien publi\u00e9 dans Le Point du 25 avril 2013. Voici son propos remis dans le contexte de sa r\u00e9ponse :<\/div>\n<div class=\"mdjCiter\">\u00ab\u00a0Je pense que la crise occidentale, dont je date le d\u00e9but en 1971, n&rsquo;est pas li\u00e9e au choc p\u00e9trolier. <\/div>\n<div class=\"mdjCiter\">Ce dernier a tout aggrav\u00e9 mais n&rsquo;est \u00e0 l&rsquo;origine de rien.<\/div>\n<div class=\"mdjCiter\">Le probl\u00e8me est d&rsquo;abord industriel. On avait depuis l&rsquo;av\u00e8nement du capitalisme moderne quelques industries \u00e0 forte concentration de main-d&rsquo;\u0153uvre qui tiraient toutes les autres : le chemin de fer, l&rsquo;automobile, l&rsquo;\u00e9lectrom\u00e9nager et l&rsquo;\u00e9quipement de la maison. <\/div>\n<div class=\"mdjCiter\">Depuis le d\u00e9but des ann\u00e9es 70, nous n&rsquo;avons plus un seul produit industriel dont la fabrication suppose d&#8217;employer les masses si consid\u00e9rable de gens.<\/div>\n<div class=\"mdjCiter\">Les nouvelles technologies sont beaucoup moins consommatrices de main-d&rsquo;\u0153uvre. Notre probl\u00e8me de ch\u00f4mage n&rsquo;est pas conjoncturel, il est structurel.\u00a0\u00bb<\/div>\n","protected":false},"excerpt":{"rendered":"<p>Mardi 30 avril 2013 \u00ab\u00a0Notre probl\u00e8me de ch\u00f4mage n&rsquo;est pas conjoncturel, il est structurel.\u00a0\u00bb Michel Rocard Dans un entretien publi\u00e9 dans Le Point du 25 avril 2013. Voici son propos remis dans le contexte de sa r\u00e9ponse : \u00ab\u00a0Je pense<\/p>\n","protected":false},"author":1,"featured_media":0,"comment_status":"closed","ping_status":"closed","sticky":false,"template":"","format":"standard","meta":{"footnotes":""},"categories":[1],"tags":[],"class_list":["post-2075","post","type-post","status-publish","format-standard","hentry","category-motdujour"],"_links":{"self":[{"href":"https:\/\/lemotdujour.fr\/index.php?rest_route=\/wp\/v2\/posts\/2075","targetHints":{"allow":["GET"]}}],"collection":[{"href":"https:\/\/lemotdujour.fr\/index.php?rest_route=\/wp\/v2\/posts"}],"about":[{"href":"https:\/\/lemotdujour.fr\/index.php?rest_route=\/wp\/v2\/types\/post"}],"author":[{"embeddable":true,"href":"https:\/\/lemotdujour.fr\/index.php?rest_route=\/wp\/v2\/users\/1"}],"replies":[{"embeddable":true,"href":"https:\/\/lemotdujour.fr\/index.php?rest_route=%2Fwp%2Fv2%2Fcomments&post=2075"}],"version-history":[{"count":1,"href":"https:\/\/lemotdujour.fr\/index.php?rest_route=\/wp\/v2\/posts\/2075\/revisions"}],"predecessor-version":[{"id":2076,"href":"https:\/\/lemotdujour.fr\/index.php?rest_route=\/wp\/v2\/posts\/2075\/revisions\/2076"}],"wp:attachment":[{"href":"https:\/\/lemotdujour.fr\/index.php?rest_route=%2Fwp%2Fv2%2Fmedia&parent=2075"}],"wp:term":[{"taxonomy":"category","embeddable":true,"href":"https:\/\/lemotdujour.fr\/index.php?rest_route=%2Fwp%2Fv2%2Fcategories&post=2075"},{"taxonomy":"post_tag","embeddable":true,"href":"https:\/\/lemotdujour.fr\/index.php?rest_route=%2Fwp%2Fv2%2Ftags&post=2075"}],"curies":[{"name":"wp","href":"https:\/\/api.w.org\/{rel}","templated":true}]}}