{"id":2069,"date":"2013-04-22T02:00:00","date_gmt":"2013-04-21T22:00:00","guid":{"rendered":"http:\/\/lemotdujour.fr\/?p=2069"},"modified":"2017-05-20T16:00:42","modified_gmt":"2017-05-20T14:00:42","slug":"lundi-22-avril-2013","status":"publish","type":"post","link":"https:\/\/lemotdujour.fr\/?p=2069","title":{"rendered":"Lundi 22 avril 2013"},"content":{"rendered":"<div class=\"mdjDate\">Lundi 22 avril 2013<\/div>\n<div class=\"mdjTexte\">\u00ab\u00a0Nous ne pouvons plus attendre des lois civiles qu\u2019elles d\u00e9fendent notre vision [chr\u00e9tienne] de l\u2019homme\u00a0\u00bb<\/div>\n<div class=\"mdjAuteur\">Andr\u00e9 Vingt-Trois<br \/>Le 16\/04\/2013 lors de son dernier discours de Pr\u00e9sident de la Conf\u00e9rence Episcopale de France<\/div>\n<div class=\"mdjComplements\">Quel dr\u00f4le de mot du jour, me direz-vous : une complainte catholique !<\/div>\n<div class=\"mdjComplements\">La raison en est qu&rsquo;il me semble qu&rsquo;il s&rsquo;agit d&rsquo;un moment important : celui o\u00f9 les catholiques fran\u00e7ais basculent dans le sentiment qu&rsquo;ils constituent d\u00e9sormais une minorit\u00e9 en France et qu&rsquo;ils se sentent minorit\u00e9 opprim\u00e9e.<\/div>\n<div class=\"mdjComplements\">Le d\u00e9but de la Troisi\u00e8me R\u00e9publique a bien s\u00fbr \u00e9t\u00e9 un moment fort de l&rsquo;anticl\u00e9ricalisme. Mais les deux guerres mondiales et la R\u00e9sistance ont rapproch\u00e9 les la\u00efcs et les catholiques progressistes.<\/div>\n<div class=\"mdjComplements\">D&rsquo;o\u00f9 ce mot \u00ab\u00a0nous ne pouvons plus \u00a0\u00bb car avant l&rsquo;homme de l&rsquo;Eglise aurait pu dire \u00ab\u00a0nous pouvons attendre des lois civiles qu&rsquo;elles d\u00e9fendent notre vision\u00a0\u00bb et c&rsquo;\u00e9tait largement le cas.<\/div>\n<div class=\"mdjComplements\">Il s&rsquo;agit d&rsquo;une nouvelle \u00e9tape d&rsquo;une \u00e9volution en profondeur de notre Soci\u00e9t\u00e9, r\u00e9v\u00e9l\u00e9e par l\u2019instauration du mariage des personnes de m\u00eame sexe.<\/div>\n","protected":false},"excerpt":{"rendered":"<p>Lundi 22 avril 2013 \u00ab\u00a0Nous ne pouvons plus attendre des lois civiles qu\u2019elles d\u00e9fendent notre vision [chr\u00e9tienne] de l\u2019homme\u00a0\u00bb Andr\u00e9 Vingt-TroisLe 16\/04\/2013 lors de son dernier discours de Pr\u00e9sident de la Conf\u00e9rence Episcopale de France Quel dr\u00f4le de mot du<\/p>\n","protected":false},"author":1,"featured_media":0,"comment_status":"closed","ping_status":"closed","sticky":false,"template":"","format":"standard","meta":{"footnotes":""},"categories":[1],"tags":[],"class_list":["post-2069","post","type-post","status-publish","format-standard","hentry","category-motdujour"],"_links":{"self":[{"href":"https:\/\/lemotdujour.fr\/index.php?rest_route=\/wp\/v2\/posts\/2069","targetHints":{"allow":["GET"]}}],"collection":[{"href":"https:\/\/lemotdujour.fr\/index.php?rest_route=\/wp\/v2\/posts"}],"about":[{"href":"https:\/\/lemotdujour.fr\/index.php?rest_route=\/wp\/v2\/types\/post"}],"author":[{"embeddable":true,"href":"https:\/\/lemotdujour.fr\/index.php?rest_route=\/wp\/v2\/users\/1"}],"replies":[{"embeddable":true,"href":"https:\/\/lemotdujour.fr\/index.php?rest_route=%2Fwp%2Fv2%2Fcomments&post=2069"}],"version-history":[{"count":1,"href":"https:\/\/lemotdujour.fr\/index.php?rest_route=\/wp\/v2\/posts\/2069\/revisions"}],"predecessor-version":[{"id":2070,"href":"https:\/\/lemotdujour.fr\/index.php?rest_route=\/wp\/v2\/posts\/2069\/revisions\/2070"}],"wp:attachment":[{"href":"https:\/\/lemotdujour.fr\/index.php?rest_route=%2Fwp%2Fv2%2Fmedia&parent=2069"}],"wp:term":[{"taxonomy":"category","embeddable":true,"href":"https:\/\/lemotdujour.fr\/index.php?rest_route=%2Fwp%2Fv2%2Fcategories&post=2069"},{"taxonomy":"post_tag","embeddable":true,"href":"https:\/\/lemotdujour.fr\/index.php?rest_route=%2Fwp%2Fv2%2Ftags&post=2069"}],"curies":[{"name":"wp","href":"https:\/\/api.w.org\/{rel}","templated":true}]}}