{"id":2067,"date":"2013-04-18T02:00:00","date_gmt":"2013-04-17T22:00:00","guid":{"rendered":"http:\/\/lemotdujour.fr\/?p=2067"},"modified":"2017-05-20T16:00:41","modified_gmt":"2017-05-20T14:00:41","slug":"jeudi-18-avril-2013","status":"publish","type":"post","link":"https:\/\/lemotdujour.fr\/?p=2067","title":{"rendered":"Jeudi 18 avril 2013"},"content":{"rendered":"<div class=\"mdjDate\">Jeudi 18 avril 2013<\/div>\n<div class=\"mdjTexte\">\u00ab\u00a0La confiance doit venir d&rsquo;en bas et le pouvoir d&rsquo;en haut.\u00a0\u00bb<\/div>\n<div class=\"mdjAuteur\"> Siey\u00e8s<\/div>\n<div class=\"mdjComplements\">Apr\u00e8s Condorcet, un autre grand homme de la r\u00e9volution :Emmanuel Joseph Siey\u00e8s<\/div>\n<div class=\"mdjComplements\">C&rsquo;est toute la difficult\u00e9 d&rsquo;aujourd&rsquo;hui.<\/div>\n<div class=\"mdjComplements\">Le pouvoir, dans le cadre de la Globalisation, est si dilu\u00e9 dans le cadre d&rsquo;interactions \u00e9conomiques qu&rsquo;il n&rsquo;est plus en haut. Le corollaire c&rsquo;est qu&rsquo;il n&rsquo;y a plus de confiance d&rsquo;en bas.<\/div>\n<div class=\"mdjComplements\">A quoi sert-il de mobiliser 80% de la population pour choisir un pr\u00e9sident qui a si peu de moyens pour agir sur les choses&#8230;<\/div>\n","protected":false},"excerpt":{"rendered":"<p>Jeudi 18 avril 2013 \u00ab\u00a0La confiance doit venir d&rsquo;en bas et le pouvoir d&rsquo;en haut.\u00a0\u00bb Siey\u00e8s Apr\u00e8s Condorcet, un autre grand homme de la r\u00e9volution :Emmanuel Joseph Siey\u00e8s C&rsquo;est toute la difficult\u00e9 d&rsquo;aujourd&rsquo;hui. Le pouvoir, dans le cadre de la<\/p>\n","protected":false},"author":1,"featured_media":0,"comment_status":"closed","ping_status":"closed","sticky":false,"template":"","format":"standard","meta":{"footnotes":""},"categories":[1],"tags":[],"class_list":["post-2067","post","type-post","status-publish","format-standard","hentry","category-motdujour"],"_links":{"self":[{"href":"https:\/\/lemotdujour.fr\/index.php?rest_route=\/wp\/v2\/posts\/2067","targetHints":{"allow":["GET"]}}],"collection":[{"href":"https:\/\/lemotdujour.fr\/index.php?rest_route=\/wp\/v2\/posts"}],"about":[{"href":"https:\/\/lemotdujour.fr\/index.php?rest_route=\/wp\/v2\/types\/post"}],"author":[{"embeddable":true,"href":"https:\/\/lemotdujour.fr\/index.php?rest_route=\/wp\/v2\/users\/1"}],"replies":[{"embeddable":true,"href":"https:\/\/lemotdujour.fr\/index.php?rest_route=%2Fwp%2Fv2%2Fcomments&post=2067"}],"version-history":[{"count":1,"href":"https:\/\/lemotdujour.fr\/index.php?rest_route=\/wp\/v2\/posts\/2067\/revisions"}],"predecessor-version":[{"id":2068,"href":"https:\/\/lemotdujour.fr\/index.php?rest_route=\/wp\/v2\/posts\/2067\/revisions\/2068"}],"wp:attachment":[{"href":"https:\/\/lemotdujour.fr\/index.php?rest_route=%2Fwp%2Fv2%2Fmedia&parent=2067"}],"wp:term":[{"taxonomy":"category","embeddable":true,"href":"https:\/\/lemotdujour.fr\/index.php?rest_route=%2Fwp%2Fv2%2Fcategories&post=2067"},{"taxonomy":"post_tag","embeddable":true,"href":"https:\/\/lemotdujour.fr\/index.php?rest_route=%2Fwp%2Fv2%2Ftags&post=2067"}],"curies":[{"name":"wp","href":"https:\/\/api.w.org\/{rel}","templated":true}]}}