{"id":2065,"date":"2013-04-17T02:00:00","date_gmt":"2013-04-16T22:00:00","guid":{"rendered":"http:\/\/lemotdujour.fr\/?p=2065"},"modified":"2024-07-21T23:42:16","modified_gmt":"2024-07-21T21:42:16","slug":"mercredi-17-avril-2013","status":"publish","type":"post","link":"https:\/\/lemotdujour.fr\/?p=2065","title":{"rendered":"Mercredi 17 avril 2013"},"content":{"rendered":"<div class=\"mdjDate\">Mercredi 17 avril 2013<\/div>\n<div class=\"mdjTexte\">\u00ab Les amis de la v\u00e9rit\u00e9 sont ceux qui la cherchent<br \/>et non ceux qui se vantent de l&rsquo;avoir trouv\u00e9e. \u00bb<\/div>\n<div class=\"mdjAuteur\">Condorcet &#8211; Discours sur les conventions nationales &#8211; Avril 1791<\/div>\n<div class=\"mdjComplements\">N\u00e9 le 17 septembre 1743 \u00e0 Ribemont, en Picardie, le marquis de Condorcet \u00e9tait \u00e0 la veille de la R\u00e9volution, un homme combl\u00e9, occupant une situation sociale privil\u00e9gi\u00e9e.<\/div>\n<div class=\"mdjComplements\">G\u00e9nie pr\u00e9coce en Math\u00e9matiques, il publie \u00e0 19 ans, un essai sur le calcul int\u00e9gral.<\/div>\n<div class=\"mdjComplements\">A 26 ans, il entre \u00e0 l\u2019Acad\u00e9mie des Sciences dont il deviendra le secr\u00e9taire perp\u00e9tuel.<\/div>\n<div class=\"mdjComplements\">Marquant le plus vif int\u00e9r\u00eat pour les probl\u00e8mes de soci\u00e9t\u00e9, c\u2019est dans le domaine de l\u2019\u00e9conomie politique que son \u0153uvre sera la plus importante.<\/div>\n<div class=\"mdjComplements\">Ami de d\u2019Alembert et de Voltaire, il collabore \u00e0 l\u2019Encyclop\u00e9die. Il est li\u00e9 aux plus brillants esprits de l\u2019Europe des Lumi\u00e8res. Sa femme, Sophie de Grouchy, cr\u00e9e un salon o\u00f9 se c\u00f4toient savants, philosophes et \u00e9crivains. Humaniste, philanthrope, Condorcet pense que le d\u00e9veloppement des sciences et des techniques apportera plus de bonheur au genre humain.<\/div>\n<div class=\"mdjComplements\">Il est convaincu que l\u2019instruction fera reculer les pr\u00e9jug\u00e9s et les in\u00e9galit\u00e9s.<\/div>\n<div class=\"mdjComplements\">Il travaille aupr\u00e8s de Turgot pour faire \u00e9voluer la soci\u00e9t\u00e9 d\u2019ancien r\u00e9gime mais celui-ci sera d\u00e9savou\u00e9\u2026<\/div>\n<div class=\"mdjComplements\">D\u00e8s l\u2019annonce de la r\u00e9union des Etats G\u00e9n\u00e9raux, Condorcet multiplie les \u00e9crits pour sensibiliser les esprits aux \u00e9lections.<\/div>\n<div class=\"mdjComplements\">Trop proche du Tiers Etat, il est \u00e9cart\u00e9 par la noblesse, d\u2019origine aristocratique, il est rejet\u00e9 par ce m\u00eame Tiers Etat ! Il est n\u00e9anmoins \u00e9lu \u00e0 l\u2019Assembl\u00e9e L\u00e9gislative puis \u00e0 la Convention.<\/div>\n<div class=\"mdjComplements\">Engag\u00e9 aux c\u00f4t\u00e9s des Girondins, il se heurte \u00e0 Robespierre qui deviendra son principal ennemi.<\/div>\n<div class=\"mdjComplements\">Le 8 juillet 1793, menac\u00e9 d\u2019arrestation, Condorcet doit fuir. Il trouve refuge au 21 rue des fossoyeurs \u00e0 Paris, chez Madame Vernet.<\/div>\n<div class=\"mdjComplements\">Il r\u00e9dige alors son \u0153uvre majeure : \u00abEsquisse de l\u2019esprit humain \u00bb. Craignant de compromettre sa logeuse, Condorcet se r\u00e9fugie chez des amis \u00e0 Fontenay aux Roses, les Suard.<\/div>\n<div class=\"mdjComplements\">Rejet\u00e9, il \u00e9choue \u00e0 Clamart o\u00f9 il est arr\u00eat\u00e9. Il est emprisonn\u00e9 \u00e0 Bourg Egalit\u00e9 (Bourg-la-Reine), district du directoire de l\u2019Egalit\u00e9. Il meurt le lendemain, le 29 mars 1794. Sa d\u00e9pouille sera jet\u00e9e dans la fosse commune du cimeti\u00e8re communal, aujourd\u2019hui disparu.<\/div>\n<div class=\"mdjComplements\">Transf\u00e9r\u00e9es en grandes pompes au Panth\u00e9on en 1989, ses \u00ab cendres \u00bb se r\u00e9sumaient \u00e0 une urne vide !<\/div>\n","protected":false},"excerpt":{"rendered":"<p>Mercredi 17 avril 2013 \u00ab Les amis de la v\u00e9rit\u00e9 sont ceux qui la cherchentet non ceux qui se vantent de l&rsquo;avoir trouv\u00e9e. \u00bb Condorcet &#8211; Discours sur les conventions nationales &#8211; Avril 1791 N\u00e9 le 17 septembre 1743 \u00e0<\/p>\n","protected":false},"author":1,"featured_media":0,"comment_status":"open","ping_status":"closed","sticky":false,"template":"","format":"standard","meta":{"footnotes":""},"categories":[1],"tags":[17,6],"class_list":["post-2065","post","type-post","status-publish","format-standard","hentry","category-motdujour","tag-histoire","tag-philosophie"],"_links":{"self":[{"href":"https:\/\/lemotdujour.fr\/index.php?rest_route=\/wp\/v2\/posts\/2065","targetHints":{"allow":["GET"]}}],"collection":[{"href":"https:\/\/lemotdujour.fr\/index.php?rest_route=\/wp\/v2\/posts"}],"about":[{"href":"https:\/\/lemotdujour.fr\/index.php?rest_route=\/wp\/v2\/types\/post"}],"author":[{"embeddable":true,"href":"https:\/\/lemotdujour.fr\/index.php?rest_route=\/wp\/v2\/users\/1"}],"replies":[{"embeddable":true,"href":"https:\/\/lemotdujour.fr\/index.php?rest_route=%2Fwp%2Fv2%2Fcomments&post=2065"}],"version-history":[{"count":1,"href":"https:\/\/lemotdujour.fr\/index.php?rest_route=\/wp\/v2\/posts\/2065\/revisions"}],"predecessor-version":[{"id":2066,"href":"https:\/\/lemotdujour.fr\/index.php?rest_route=\/wp\/v2\/posts\/2065\/revisions\/2066"}],"wp:attachment":[{"href":"https:\/\/lemotdujour.fr\/index.php?rest_route=%2Fwp%2Fv2%2Fmedia&parent=2065"}],"wp:term":[{"taxonomy":"category","embeddable":true,"href":"https:\/\/lemotdujour.fr\/index.php?rest_route=%2Fwp%2Fv2%2Fcategories&post=2065"},{"taxonomy":"post_tag","embeddable":true,"href":"https:\/\/lemotdujour.fr\/index.php?rest_route=%2Fwp%2Fv2%2Ftags&post=2065"}],"curies":[{"name":"wp","href":"https:\/\/api.w.org\/{rel}","templated":true}]}}