{"id":2063,"date":"2013-04-16T02:00:00","date_gmt":"2013-04-15T22:00:00","guid":{"rendered":"http:\/\/lemotdujour.fr\/?p=2063"},"modified":"2017-10-08T21:45:00","modified_gmt":"2017-10-08T19:45:00","slug":"mardi-16-avril-2013","status":"publish","type":"post","link":"https:\/\/lemotdujour.fr\/?p=2063","title":{"rendered":"Mardi 16 avril 2013"},"content":{"rendered":"<div class=\"mdjDate\">Mardi 16 avril 2013<\/div>\n<div class=\"mdjTexte\">\u00ab\u00a0L&rsquo;intelligence ne sert \u00e0 rien dans les rapports humains.\u00a0\u00bb<\/div>\n<div class=\"mdjAuteur\">Fran\u00e7oise Giroud<\/div>\n<div class=\"mdjComplements\">Propos rapport\u00e9 par Caroline Eliacheff, fille de Fran\u00e7oise Giroud, lors de l&rsquo;\u00e9mission des matins de France Culture du 15\/03\/2013 consacr\u00e9e au livre de Alix de Saint Andr\u00e9 sur la vie de Fran\u00e7oise Giroud \u00ab <span style=\"color: #0000ff;\"><a href=\"http:\/\/www.gallimard.fr\/Catalogue\/GALLIMARD\/Blanche\/Garde-tes-larmes-pour-plus-tard\"><span style=\"color: #0000ff;\">Garde<\/span> <span style=\"color: #0000ff;\">tes larmes<\/span> <span style=\"color: #0000ff;\">pour plus tard<\/span><\/a><\/span> \u00bb (Gallimard).<\/div>\n<div><span style=\"color: #800000;\">&lt;91&gt;<\/span><\/div>\n","protected":false},"excerpt":{"rendered":"<p>Mardi 16 avril 2013 \u00ab\u00a0L&rsquo;intelligence ne sert \u00e0 rien dans les rapports humains.\u00a0\u00bb Fran\u00e7oise Giroud Propos rapport\u00e9 par Caroline Eliacheff, fille de Fran\u00e7oise Giroud, lors de l&rsquo;\u00e9mission des matins de France Culture du 15\/03\/2013 consacr\u00e9e au livre de Alix de<\/p>\n","protected":false},"author":1,"featured_media":0,"comment_status":"closed","ping_status":"closed","sticky":false,"template":"","format":"standard","meta":{"footnotes":""},"categories":[1],"tags":[53,54],"class_list":["post-2063","post","type-post","status-publish","format-standard","hentry","category-motdujour","tag-affect","tag-humanisme"],"_links":{"self":[{"href":"https:\/\/lemotdujour.fr\/index.php?rest_route=\/wp\/v2\/posts\/2063","targetHints":{"allow":["GET"]}}],"collection":[{"href":"https:\/\/lemotdujour.fr\/index.php?rest_route=\/wp\/v2\/posts"}],"about":[{"href":"https:\/\/lemotdujour.fr\/index.php?rest_route=\/wp\/v2\/types\/post"}],"author":[{"embeddable":true,"href":"https:\/\/lemotdujour.fr\/index.php?rest_route=\/wp\/v2\/users\/1"}],"replies":[{"embeddable":true,"href":"https:\/\/lemotdujour.fr\/index.php?rest_route=%2Fwp%2Fv2%2Fcomments&post=2063"}],"version-history":[{"count":4,"href":"https:\/\/lemotdujour.fr\/index.php?rest_route=\/wp\/v2\/posts\/2063\/revisions"}],"predecessor-version":[{"id":3303,"href":"https:\/\/lemotdujour.fr\/index.php?rest_route=\/wp\/v2\/posts\/2063\/revisions\/3303"}],"wp:attachment":[{"href":"https:\/\/lemotdujour.fr\/index.php?rest_route=%2Fwp%2Fv2%2Fmedia&parent=2063"}],"wp:term":[{"taxonomy":"category","embeddable":true,"href":"https:\/\/lemotdujour.fr\/index.php?rest_route=%2Fwp%2Fv2%2Fcategories&post=2063"},{"taxonomy":"post_tag","embeddable":true,"href":"https:\/\/lemotdujour.fr\/index.php?rest_route=%2Fwp%2Fv2%2Ftags&post=2063"}],"curies":[{"name":"wp","href":"https:\/\/api.w.org\/{rel}","templated":true}]}}