{"id":2053,"date":"2013-04-09T02:00:00","date_gmt":"2013-04-08T22:00:00","guid":{"rendered":"http:\/\/lemotdujour.fr\/?p=2053"},"modified":"2017-05-20T16:00:35","modified_gmt":"2017-05-20T14:00:35","slug":"mardi-09-avril-2013","status":"publish","type":"post","link":"https:\/\/lemotdujour.fr\/?p=2053","title":{"rendered":"Mardi 09 avril 2013"},"content":{"rendered":"<div class=\"mdjDate\">Mardi 09 avril 2013<\/div>\n<div class=\"mdjTexte\">\u00ab\u00a0L&rsquo;Union europ\u00e9enne est fille de l&rsquo;Economie et orpheline de la Politique\u00a0\u00bb<\/div>\n<div class=\"mdjAuteur\">Jean-Paul Fitoussi<\/div>\n<div class=\"mdjComplements\">Lors de la m\u00eame \u00e9mission \u00e9voqu\u00e9e hier, Jean-Paul Fitoussi a exprim\u00e9 de fa\u00e7on po\u00e9tique, ce que nous savons tous et qui constitue une grande partie du probl\u00e8me ou plut\u00f4t une grande partie de la non solution.<\/div>\n","protected":false},"excerpt":{"rendered":"<p>Mardi 09 avril 2013 \u00ab\u00a0L&rsquo;Union europ\u00e9enne est fille de l&rsquo;Economie et orpheline de la Politique\u00a0\u00bb Jean-Paul Fitoussi Lors de la m\u00eame \u00e9mission \u00e9voqu\u00e9e hier, Jean-Paul Fitoussi a exprim\u00e9 de fa\u00e7on po\u00e9tique, ce que nous savons tous et qui constitue une<\/p>\n","protected":false},"author":1,"featured_media":0,"comment_status":"closed","ping_status":"closed","sticky":false,"template":"","format":"standard","meta":{"footnotes":""},"categories":[1],"tags":[],"class_list":["post-2053","post","type-post","status-publish","format-standard","hentry","category-motdujour"],"_links":{"self":[{"href":"https:\/\/lemotdujour.fr\/index.php?rest_route=\/wp\/v2\/posts\/2053","targetHints":{"allow":["GET"]}}],"collection":[{"href":"https:\/\/lemotdujour.fr\/index.php?rest_route=\/wp\/v2\/posts"}],"about":[{"href":"https:\/\/lemotdujour.fr\/index.php?rest_route=\/wp\/v2\/types\/post"}],"author":[{"embeddable":true,"href":"https:\/\/lemotdujour.fr\/index.php?rest_route=\/wp\/v2\/users\/1"}],"replies":[{"embeddable":true,"href":"https:\/\/lemotdujour.fr\/index.php?rest_route=%2Fwp%2Fv2%2Fcomments&post=2053"}],"version-history":[{"count":1,"href":"https:\/\/lemotdujour.fr\/index.php?rest_route=\/wp\/v2\/posts\/2053\/revisions"}],"predecessor-version":[{"id":2054,"href":"https:\/\/lemotdujour.fr\/index.php?rest_route=\/wp\/v2\/posts\/2053\/revisions\/2054"}],"wp:attachment":[{"href":"https:\/\/lemotdujour.fr\/index.php?rest_route=%2Fwp%2Fv2%2Fmedia&parent=2053"}],"wp:term":[{"taxonomy":"category","embeddable":true,"href":"https:\/\/lemotdujour.fr\/index.php?rest_route=%2Fwp%2Fv2%2Fcategories&post=2053"},{"taxonomy":"post_tag","embeddable":true,"href":"https:\/\/lemotdujour.fr\/index.php?rest_route=%2Fwp%2Fv2%2Ftags&post=2053"}],"curies":[{"name":"wp","href":"https:\/\/api.w.org\/{rel}","templated":true}]}}