{"id":2047,"date":"2013-04-04T02:00:00","date_gmt":"2013-04-03T22:00:00","guid":{"rendered":"http:\/\/lemotdujour.fr\/?p=2047"},"modified":"2017-05-20T16:00:33","modified_gmt":"2017-05-20T14:00:33","slug":"jeudi-04-avril-2013","status":"publish","type":"post","link":"https:\/\/lemotdujour.fr\/?p=2047","title":{"rendered":"Jeudi 04 avril 2013"},"content":{"rendered":"<div class=\"mdjDate\">Jeudi 04 avril 2013<\/div>\n<div class=\"mdjTexte\">\u00ab\u00a0On reproche souvent aux hommes politiques de promettre des choses impossibles, <br \/>mais ce n&rsquo;est pas la r\u00e9alit\u00e9, en r\u00e9alit\u00e9 ils promettent des choses contradictoires.<br \/>Or si on peut r\u00e9aliser l&rsquo;impossible, on ne peut atteindre des choses contradictoires.\u00a0\u00bb<\/div>\n<div class=\"mdjAuteur\">Raymond Aron<\/div>\n<div class=\"mdjComplements\">Quand j&rsquo;\u00e9tais jeune \u00e9tudiant en Droit, je lisais beaucoup Raymond Aron.<\/div>\n<div class=\"mdjComplements\">Je cite de m\u00e9moire une de ses r\u00e9flexions dont je trahis peut \u00eatre l\u00e9g\u00e8rement le verbe mais pas l&rsquo;esprit.<\/div>\n<div class=\"mdjComplements\">Et il me semble qu&rsquo;il citait comme exemple la promesse de diminuer les imp\u00f4ts et d&rsquo;augmenter les prestations publiques.<\/div>\n<div class=\"mdjComplements\">Kennedy avait promis l&rsquo;impossible : aller sur la Lune. Les am\u00e9ricains l&rsquo;ont r\u00e9alis\u00e9 en y mettant les moyens gr\u00e2ce \u00e0 la NASA.<\/div>\n<div class=\"mdjComplements\">Par rapport aux derniers \u00e9v\u00e8nements cette r\u00e9flexion me para\u00eet plein de sens.<\/div>\n<div class=\"mdjComplements\">Et on pourrait multiplier les exemples :<\/div>\n<div class=\"mdjComplements\">On ne peut pas promettre le libre-\u00e9change, la globalisation et des prix bas d&rsquo;un c\u00f4t\u00e9 et de l&rsquo;autre assurer que l&rsquo;Etat providence de nos pays occidentaux peut continuer \u00e0 rester au m\u00eame niveau de prestations.<\/div>\n<div class=\"mdjComplements\">On ne peut pas promettre l&rsquo;\u00e9quit\u00e9 fiscale et la juste contribution de chacun selon ses moyens \u00e0 la cause commune<br \/>et continuer \u00e0 accepter qu&rsquo;il existe des paradis fiscaux.<\/div>\n<div class=\"mdjComplements\">Cela est vrai pour notre Administration, on ne peut pas continuer \u00e0 diminuer les moyens et les emplois sans toucher de fond en comble l&rsquo;organisation de nos services, de notre maillage territorial et du nombre de nos cadres et pr\u00e9tendre qu&rsquo;on peut continuer \u00e0 rendre un service de m\u00eame niveau.<\/div>\n<div class=\"mdjComplements\">Je vous laisse continuer&#8230;<\/div>\n","protected":false},"excerpt":{"rendered":"<p>Jeudi 04 avril 2013 \u00ab\u00a0On reproche souvent aux hommes politiques de promettre des choses impossibles, mais ce n&rsquo;est pas la r\u00e9alit\u00e9, en r\u00e9alit\u00e9 ils promettent des choses contradictoires.Or si on peut r\u00e9aliser l&rsquo;impossible, on ne peut atteindre des choses contradictoires.\u00a0\u00bb<\/p>\n","protected":false},"author":1,"featured_media":0,"comment_status":"closed","ping_status":"closed","sticky":false,"template":"","format":"standard","meta":{"footnotes":""},"categories":[1],"tags":[],"class_list":["post-2047","post","type-post","status-publish","format-standard","hentry","category-motdujour"],"_links":{"self":[{"href":"https:\/\/lemotdujour.fr\/index.php?rest_route=\/wp\/v2\/posts\/2047","targetHints":{"allow":["GET"]}}],"collection":[{"href":"https:\/\/lemotdujour.fr\/index.php?rest_route=\/wp\/v2\/posts"}],"about":[{"href":"https:\/\/lemotdujour.fr\/index.php?rest_route=\/wp\/v2\/types\/post"}],"author":[{"embeddable":true,"href":"https:\/\/lemotdujour.fr\/index.php?rest_route=\/wp\/v2\/users\/1"}],"replies":[{"embeddable":true,"href":"https:\/\/lemotdujour.fr\/index.php?rest_route=%2Fwp%2Fv2%2Fcomments&post=2047"}],"version-history":[{"count":1,"href":"https:\/\/lemotdujour.fr\/index.php?rest_route=\/wp\/v2\/posts\/2047\/revisions"}],"predecessor-version":[{"id":2048,"href":"https:\/\/lemotdujour.fr\/index.php?rest_route=\/wp\/v2\/posts\/2047\/revisions\/2048"}],"wp:attachment":[{"href":"https:\/\/lemotdujour.fr\/index.php?rest_route=%2Fwp%2Fv2%2Fmedia&parent=2047"}],"wp:term":[{"taxonomy":"category","embeddable":true,"href":"https:\/\/lemotdujour.fr\/index.php?rest_route=%2Fwp%2Fv2%2Fcategories&post=2047"},{"taxonomy":"post_tag","embeddable":true,"href":"https:\/\/lemotdujour.fr\/index.php?rest_route=%2Fwp%2Fv2%2Ftags&post=2047"}],"curies":[{"name":"wp","href":"https:\/\/api.w.org\/{rel}","templated":true}]}}