{"id":2043,"date":"2013-04-02T02:00:00","date_gmt":"2013-04-01T22:00:00","guid":{"rendered":"http:\/\/lemotdujour.fr\/?p=2043"},"modified":"2017-05-20T16:00:31","modified_gmt":"2017-05-20T14:00:31","slug":"mardi-02-avril-2013","status":"publish","type":"post","link":"https:\/\/lemotdujour.fr\/?p=2043","title":{"rendered":"Mardi 02 avril 2013"},"content":{"rendered":"<div class=\"mdjDate\">Mardi 02 avril 2013<\/div>\n<div class=\"mdjTexte\">\u00ab\u00a0Le choc de simplification\u00a0\u00bb<\/div>\n<div class=\"mdjAuteur\">Fran\u00e7ois Hollande, Pr\u00e9sident de la R\u00e9publique interview du Jeudi 28 mars<\/div>\n<div class=\"mdjComplements\">Notons d&rsquo;abord qu&rsquo;il s&rsquo;agit d&rsquo;un bel oxymore : Le choc, c&rsquo;est violent, brutal, \u00e7a fait mal. La simplification, c&rsquo;est doux, \u00e7a fait du bien.<\/div>\n<div class=\"mdjComplements\">Ce slogan est certainement encore une invention d&rsquo;un communicant.<\/div>\n<div class=\"mdjComplements\">C&rsquo;est le nouveau concept que nos technocrates et administrations centrales vont nous resservir \u00e0 sati\u00e9t\u00e9.<\/div>\n<div class=\"mdjComplements\">Le diagnostic est ancien, les vell\u00e9it\u00e9s de simplifier r\u00e9currents, mais nos technocrates assaillis par des arm\u00e9es de lobbyistes en sont-ils capables ?<\/div>\n<div class=\"mdjComplements\">Et pourtant la France et les fran\u00e7ais ont tant besoin de simplifications :<\/div>\n<div class=\"mdjComplements\">Lors du mot du jour du 13\/12\/2012, j&rsquo;avais \u00e9voqu\u00e9 un matin de France Culture o\u00f9 \u00e9tait invit\u00e9 Jean-Paul Delevoye, Pr\u00e9sident du Conseil \u00e9conomique, social et environnemental.<\/div>\n<div class=\"mdjComplements\">Il avait par un raccourci saisissant expliqu\u00e9 la chose suivante<\/div>\n<div class=\"mdjComplements\">Au XIX\u00e8me si\u00e8cle, pour construire une infrastructure publique nous avions besoin de deux mois pour d\u00e9cider et de quatre ans pour construire, aujourd&rsquo;hui nous avons besoin de 10 ans pour d\u00e9cider et de 6 mois pour construire.<\/div>\n<div class=\"mdjComplements\">Mais comment faire confiance alors que la derni\u00e8re id\u00e9e g\u00e9niale est, pour r\u00e9duire le mille-feuille administratif fran\u00e7ais, de cr\u00e9er une structure suppl\u00e9mentaire : \u00ab\u00a0la m\u00e9tropole europ\u00e9enne\u00a0\u00bb, sans rien supprimer de toutes les autres structures.<\/div>\n<div class=\"mdjComplements\">Mais gardons l&rsquo;espoir, Le Premier Ministre a fait les premi\u00e8res annonces aujourd&rsquo;hui : <a href=\"http:\/\/www.latribune.fr\/actualites\/economie\/france\/20130402trib000757056\/ayrault-declenche-un-choc-global-de-simplification-.html\">http:\/\/www.latribune.fr\/actualites\/economie\/france\/20130402trib000757056\/ayrault-declenche-un-choc-global-de-simplification-.html<\/a><\/div>\n","protected":false},"excerpt":{"rendered":"<p>Mardi 02 avril 2013 \u00ab\u00a0Le choc de simplification\u00a0\u00bb Fran\u00e7ois Hollande, Pr\u00e9sident de la R\u00e9publique interview du Jeudi 28 mars Notons d&rsquo;abord qu&rsquo;il s&rsquo;agit d&rsquo;un bel oxymore : Le choc, c&rsquo;est violent, brutal, \u00e7a fait mal. La simplification, c&rsquo;est doux, \u00e7a<\/p>\n","protected":false},"author":1,"featured_media":0,"comment_status":"closed","ping_status":"closed","sticky":false,"template":"","format":"standard","meta":{"footnotes":""},"categories":[1],"tags":[],"class_list":["post-2043","post","type-post","status-publish","format-standard","hentry","category-motdujour"],"_links":{"self":[{"href":"https:\/\/lemotdujour.fr\/index.php?rest_route=\/wp\/v2\/posts\/2043","targetHints":{"allow":["GET"]}}],"collection":[{"href":"https:\/\/lemotdujour.fr\/index.php?rest_route=\/wp\/v2\/posts"}],"about":[{"href":"https:\/\/lemotdujour.fr\/index.php?rest_route=\/wp\/v2\/types\/post"}],"author":[{"embeddable":true,"href":"https:\/\/lemotdujour.fr\/index.php?rest_route=\/wp\/v2\/users\/1"}],"replies":[{"embeddable":true,"href":"https:\/\/lemotdujour.fr\/index.php?rest_route=%2Fwp%2Fv2%2Fcomments&post=2043"}],"version-history":[{"count":1,"href":"https:\/\/lemotdujour.fr\/index.php?rest_route=\/wp\/v2\/posts\/2043\/revisions"}],"predecessor-version":[{"id":2044,"href":"https:\/\/lemotdujour.fr\/index.php?rest_route=\/wp\/v2\/posts\/2043\/revisions\/2044"}],"wp:attachment":[{"href":"https:\/\/lemotdujour.fr\/index.php?rest_route=%2Fwp%2Fv2%2Fmedia&parent=2043"}],"wp:term":[{"taxonomy":"category","embeddable":true,"href":"https:\/\/lemotdujour.fr\/index.php?rest_route=%2Fwp%2Fv2%2Fcategories&post=2043"},{"taxonomy":"post_tag","embeddable":true,"href":"https:\/\/lemotdujour.fr\/index.php?rest_route=%2Fwp%2Fv2%2Ftags&post=2043"}],"curies":[{"name":"wp","href":"https:\/\/api.w.org\/{rel}","templated":true}]}}