{"id":2041,"date":"2013-03-28T01:00:00","date_gmt":"2013-03-27T22:00:00","guid":{"rendered":"http:\/\/lemotdujour.fr\/?p=2041"},"modified":"2017-10-03T13:28:42","modified_gmt":"2017-10-03T11:28:42","slug":"jeudi-28-mars-2013","status":"publish","type":"post","link":"https:\/\/lemotdujour.fr\/?p=2041","title":{"rendered":"Jeudi 28 mars 2013"},"content":{"rendered":"<div class=\"mdjDate\">Jeudi 28 mars 2013<\/div>\n<div class=\"mdjTexte\">\u00ab Penser, c\u2019est dire non \u00bb<\/div>\n<div class=\"mdjAuteur\">Alain Propos sur les pouvoirs, \u00ab\u00a0L&rsquo;homme devant l&rsquo;apparence\u00a0\u00bb, 19 janvier 1924, n\u00b0 139 ou Propos sur la religion, LXIV<\/div>\n<div class=\"mdjComplements\">Je n&rsquo;ai pas la culture et la force argumentaire de mon illustre homonyme philosophe.<\/div>\n<div class=\"mdjComplements\">Si j&rsquo;osais rectifier son propos je dirai, Penser, c&rsquo;est s&rsquo;autoriser \u00e0 dire non.<\/div>\n<div class=\"mdjComplements\">Nous vivons, notamment dans notre univers professionnel, dans un moule tellement conformiste.<\/div>\n<div class=\"mdjComplements\">Dans nos actes comme nos \u00e9crits nous disons si souvent oui \u00e0 des pratiques, des organisations, des r\u00e8gles, alors que si nous y r\u00e9fl\u00e9chissions vraiment nous devrions dire non.<\/div>\n<div class=\"mdjComplements\">Pas un \u00ab\u00a0non\u00a0\u00bb abrupt qui signifie une impasse, mais un \u00ab\u00a0non\u00a0\u00bb ouvert, positif qui propose d&rsquo;autres solutions.<\/div>\n<div class=\"mdjComplements\">Replac\u00e9 dans son contexte voici ce que disait en 1924 Alain :<\/div>\n<div class=\"mdjCiter\">\u00ab\u00a0Penser, c&rsquo;est dire non.<\/div>\n<div class=\"mdjCiter\">Remarquez que le signe du oui est d&rsquo;un homme qui s&rsquo;endort ; au contraire le r\u00e9veil secoue la t\u00eate et dit non.<\/div>\n<div class=\"mdjCiter\">Non \u00e0 quoi ? Au monde, au tyran, au pr\u00eacheur ? Ce n&rsquo;est que l&rsquo;apparence.<\/div>\n<div class=\"mdjCiter\">En tous ces cas-l\u00e0, c&rsquo;est \u00e0 elle-m\u00eame que la pens\u00e9e dit non. Elle rompt l&rsquo;heureux acquiescement. Elle se s\u00e9pare d&rsquo;elle-m\u00eame.<\/div>\n<div class=\"mdjCiter\">Elle combat contre elle-m\u00eame. Il n&rsquo;y a pas au monde d&rsquo;autre combat.<\/div>\n<div class=\"mdjCiter\">Ce qui fait que le monde me trompe par ses perspectives, ses brouillards, ses chocs d\u00e9tourn\u00e9s, c&rsquo;est que je consens, c&rsquo;est que je ne cherche pas autre chose.<\/div>\n<div class=\"mdjCiter\">Et ce qui fait que le tyran est ma\u00eetre de moi, c&rsquo;est que je respecte au lieu d&rsquo;examiner.<\/div>\n<div class=\"mdjCiter\">M\u00eame une doctrine vraie, elle tombe au faux par cette somnolence.<\/div>\n<div class=\"mdjCiter\">C&rsquo;est par croire que les hommes sont esclaves.<\/div>\n<div class=\"mdjCiter\">R\u00e9fl\u00e9chir, c&rsquo;est nier ce que l&rsquo;on croit.<\/div>\n<div class=\"mdjCiter\">Qui croit ne sait m\u00eame plus ce qu&rsquo;il croit.<\/div>\n<div class=\"mdjCiter\">Qui se contente de sa pens\u00e9e ne pense plus rien.\u00a0\u00bb<\/div>\n<div class=\"mdjCiter\">ALAIN<\/div>\n<div><span style=\"color: #800000;\">&lt;80&gt;<\/span><\/div>\n","protected":false},"excerpt":{"rendered":"<p>Jeudi 28 mars 2013 \u00ab Penser, c\u2019est dire non \u00bb Alain Propos sur les pouvoirs, \u00ab\u00a0L&rsquo;homme devant l&rsquo;apparence\u00a0\u00bb, 19 janvier 1924, n\u00b0 139 ou Propos sur la religion, LXIV Je n&rsquo;ai pas la culture et la force argumentaire de mon<\/p>\n","protected":false},"author":1,"featured_media":0,"comment_status":"closed","ping_status":"closed","sticky":false,"template":"","format":"standard","meta":{"footnotes":""},"categories":[1],"tags":[6,3,7],"class_list":["post-2041","post","type-post","status-publish","format-standard","hentry","category-motdujour","tag-philosophie","tag-politique","tag-societe"],"_links":{"self":[{"href":"https:\/\/lemotdujour.fr\/index.php?rest_route=\/wp\/v2\/posts\/2041","targetHints":{"allow":["GET"]}}],"collection":[{"href":"https:\/\/lemotdujour.fr\/index.php?rest_route=\/wp\/v2\/posts"}],"about":[{"href":"https:\/\/lemotdujour.fr\/index.php?rest_route=\/wp\/v2\/types\/post"}],"author":[{"embeddable":true,"href":"https:\/\/lemotdujour.fr\/index.php?rest_route=\/wp\/v2\/users\/1"}],"replies":[{"embeddable":true,"href":"https:\/\/lemotdujour.fr\/index.php?rest_route=%2Fwp%2Fv2%2Fcomments&post=2041"}],"version-history":[{"count":3,"href":"https:\/\/lemotdujour.fr\/index.php?rest_route=\/wp\/v2\/posts\/2041\/revisions"}],"predecessor-version":[{"id":3281,"href":"https:\/\/lemotdujour.fr\/index.php?rest_route=\/wp\/v2\/posts\/2041\/revisions\/3281"}],"wp:attachment":[{"href":"https:\/\/lemotdujour.fr\/index.php?rest_route=%2Fwp%2Fv2%2Fmedia&parent=2041"}],"wp:term":[{"taxonomy":"category","embeddable":true,"href":"https:\/\/lemotdujour.fr\/index.php?rest_route=%2Fwp%2Fv2%2Fcategories&post=2041"},{"taxonomy":"post_tag","embeddable":true,"href":"https:\/\/lemotdujour.fr\/index.php?rest_route=%2Fwp%2Fv2%2Ftags&post=2041"}],"curies":[{"name":"wp","href":"https:\/\/api.w.org\/{rel}","templated":true}]}}