{"id":2035,"date":"2013-03-20T01:00:00","date_gmt":"2013-03-19T22:00:00","guid":{"rendered":"http:\/\/lemotdujour.fr\/?p=2035"},"modified":"2017-05-20T16:00:27","modified_gmt":"2017-05-20T14:00:27","slug":"mercredi-20-mars-2013","status":"publish","type":"post","link":"https:\/\/lemotdujour.fr\/?p=2035","title":{"rendered":"Mercredi 20 mars 2013"},"content":{"rendered":"<div class=\"mdjDate\">Mercredi 20 mars 2013<\/div>\n<div class=\"mdjTexte\">\u00ab\u00a0J&rsquo;esp\u00e8re qu&rsquo;il est innocent\u00a0\u00bb<\/div>\n<div class=\"mdjAuteur\">Eric Ciotti<\/div>\n<div class=\"mdjComplements\">Il est question, bien s\u00fbr, de notre ministre d\u00e9missionnaire.<\/div>\n<div class=\"mdjComplements\">Ces mots ont \u00e9t\u00e9 tenus par le d\u00e9put\u00e9 UMP Eric Ciotti : \u00ab\u00a0J&rsquo;esp\u00e8re qu&rsquo;il est innocent parce ce que si ce n&rsquo;est pas le cas\u00a0\u00bb, apr\u00e8s \u00ab\u00a0ce qu&rsquo;il a dit devant l&rsquo;Assembl\u00e9e nationale, ce sera un coup terrible pour la d\u00e9mocratie, cette r\u00e9publique exemplaire que pr\u00f4nait le pr\u00e9sident normal, elle foutra le camp\u00a0\u00bb. [..] Ce serait un coup terrible si son innocence n&rsquo;\u00e9tait pas \u00e9tablie, parce que des pans entiers du discours public s&rsquo;effondreraient. Porter atteinte \u00e0 la cr\u00e9dibilit\u00e9 de la parole publique, c&rsquo;est porter atteinte \u00e0 notre fonctionnement d\u00e9mocratique et ouvrir la voie \u00e0 un populisme en train de monter dans notre pays\u00a0\u00bb. \u00c7a c&rsquo;est le volet politique.<\/div>\n<div class=\"mdjComplements\">Mais pour nous autres \u00e0 la DGFiP comment exercer notre mission si le ministre flamboyant qui \u00e9tait \u00e0 notre t\u00eate avait faut\u00e9 pr\u00e9cis\u00e9ment dans le domaine o\u00f9 nous devons agir, a fait pr\u00e9cis\u00e9ment ce que nous combattons et qu&rsquo;il disait combattre aussi ?<\/div>\n<div class=\"mdjComplements\">Oui j&rsquo;esp\u00e8re, pour nous aussi, qu&rsquo;il soit innocent.<\/div>\n","protected":false},"excerpt":{"rendered":"<p>Mercredi 20 mars 2013 \u00ab\u00a0J&rsquo;esp\u00e8re qu&rsquo;il est innocent\u00a0\u00bb Eric Ciotti Il est question, bien s\u00fbr, de notre ministre d\u00e9missionnaire. Ces mots ont \u00e9t\u00e9 tenus par le d\u00e9put\u00e9 UMP Eric Ciotti : \u00ab\u00a0J&rsquo;esp\u00e8re qu&rsquo;il est innocent parce ce que si ce<\/p>\n","protected":false},"author":1,"featured_media":0,"comment_status":"closed","ping_status":"closed","sticky":false,"template":"","format":"standard","meta":{"footnotes":""},"categories":[1],"tags":[],"class_list":["post-2035","post","type-post","status-publish","format-standard","hentry","category-motdujour"],"_links":{"self":[{"href":"https:\/\/lemotdujour.fr\/index.php?rest_route=\/wp\/v2\/posts\/2035","targetHints":{"allow":["GET"]}}],"collection":[{"href":"https:\/\/lemotdujour.fr\/index.php?rest_route=\/wp\/v2\/posts"}],"about":[{"href":"https:\/\/lemotdujour.fr\/index.php?rest_route=\/wp\/v2\/types\/post"}],"author":[{"embeddable":true,"href":"https:\/\/lemotdujour.fr\/index.php?rest_route=\/wp\/v2\/users\/1"}],"replies":[{"embeddable":true,"href":"https:\/\/lemotdujour.fr\/index.php?rest_route=%2Fwp%2Fv2%2Fcomments&post=2035"}],"version-history":[{"count":1,"href":"https:\/\/lemotdujour.fr\/index.php?rest_route=\/wp\/v2\/posts\/2035\/revisions"}],"predecessor-version":[{"id":2036,"href":"https:\/\/lemotdujour.fr\/index.php?rest_route=\/wp\/v2\/posts\/2035\/revisions\/2036"}],"wp:attachment":[{"href":"https:\/\/lemotdujour.fr\/index.php?rest_route=%2Fwp%2Fv2%2Fmedia&parent=2035"}],"wp:term":[{"taxonomy":"category","embeddable":true,"href":"https:\/\/lemotdujour.fr\/index.php?rest_route=%2Fwp%2Fv2%2Fcategories&post=2035"},{"taxonomy":"post_tag","embeddable":true,"href":"https:\/\/lemotdujour.fr\/index.php?rest_route=%2Fwp%2Fv2%2Ftags&post=2035"}],"curies":[{"name":"wp","href":"https:\/\/api.w.org\/{rel}","templated":true}]}}