{"id":2033,"date":"2013-03-18T01:00:00","date_gmt":"2013-03-17T22:00:00","guid":{"rendered":"http:\/\/lemotdujour.fr\/?p=2033"},"modified":"2017-05-20T16:00:27","modified_gmt":"2017-05-20T14:00:27","slug":"lundi-18-mars-2013","status":"publish","type":"post","link":"https:\/\/lemotdujour.fr\/?p=2033","title":{"rendered":"Lundi 18 mars 2013"},"content":{"rendered":"<div class=\"mdjDate\">Lundi 18 mars 2013<\/div>\n<div class=\"mdjTexte\">\u00ab\u00a0T.I.N.A.\u00a0\u00bb<\/div>\n<div class=\"mdjAuteur\">Margaret Thatcher<\/div>\n<div class=\"mdjComplements\">Alors que Chypre vient \u00e0 son tour de se voir imposer des mesures drastiques, non issues du pouvoir d\u00e9mocratique, mais des instances europ\u00e9ennes<\/div>\n<div class=\"mdjComplements\">Alors qu&rsquo;on constate que sur le plan \u00e9conomique la politique du pr\u00e9sident actuel est tr\u00e8s peu diff\u00e9rente de celle de son pr\u00e9d\u00e9cesseur.<\/div>\n<div class=\"mdjComplements\">Je propose, pour mot du jour, cet acronyme : \u00ab\u00a0T.I.N.A.\u00a0\u00bb<\/div>\n<div class=\"mdjComplements\">There is no alternative (TINA, \u00ab Il n&rsquo;y a pas d&rsquo;alternative \u00bb en fran\u00e7ais) est un slogan politique couramment attribu\u00e9 \u00e0 Margaret Thatcher<\/div>\n<div class=\"mdjComplements\">Il vient d&rsquo;\u00eatre repris par Fran\u00e7ois Bayrou dans son livre \u00ab\u00a0De la v\u00e9rit\u00e9 en politique\u00a0\u00bb.<\/div>\n<div class=\"mdjComplements\">Bayrou explique m\u00eame que s&rsquo;il n&rsquo;est pas certain qu&rsquo;\u00e0 l&rsquo;\u00e9poque de Thatcher cette formule \u00e9tait exacte, elle l&rsquo;est aujourd&rsquo;hui.<\/div>\n<div class=\"mdjComplements\">L&rsquo;opinion de Bayrou n&rsquo;est peut-\u00eatre pas la plus importante, il faut cependant reconna\u00eetre que pour l&rsquo;instant cette formule semble parfaitement s&rsquo;appliquer dans tous les pays de l&rsquo;Union europ\u00e9enne.<\/div>\n<div class=\"mdjComplements\">C&rsquo;est une question grave, car s&rsquo;il n&rsquo;y a pas d&rsquo;alternative \u00e0 quoi servent la d\u00e9mocratie et les \u00e9lections ?<\/div>\n<div class=\"mdjComplements\">A voir cet excellent article de Wikipedia et les liens qu&rsquo;il propose : <a href=\"http:\/\/fr.wikipedia.org\/wiki\/TINA\">http:\/\/fr.wikipedia.org\/wiki\/TINA<\/a><\/div>\n","protected":false},"excerpt":{"rendered":"<p>Lundi 18 mars 2013 \u00ab\u00a0T.I.N.A.\u00a0\u00bb Margaret Thatcher Alors que Chypre vient \u00e0 son tour de se voir imposer des mesures drastiques, non issues du pouvoir d\u00e9mocratique, mais des instances europ\u00e9ennes Alors qu&rsquo;on constate que sur le plan \u00e9conomique la politique<\/p>\n","protected":false},"author":1,"featured_media":0,"comment_status":"closed","ping_status":"closed","sticky":false,"template":"","format":"standard","meta":{"footnotes":""},"categories":[1],"tags":[],"class_list":["post-2033","post","type-post","status-publish","format-standard","hentry","category-motdujour"],"_links":{"self":[{"href":"https:\/\/lemotdujour.fr\/index.php?rest_route=\/wp\/v2\/posts\/2033","targetHints":{"allow":["GET"]}}],"collection":[{"href":"https:\/\/lemotdujour.fr\/index.php?rest_route=\/wp\/v2\/posts"}],"about":[{"href":"https:\/\/lemotdujour.fr\/index.php?rest_route=\/wp\/v2\/types\/post"}],"author":[{"embeddable":true,"href":"https:\/\/lemotdujour.fr\/index.php?rest_route=\/wp\/v2\/users\/1"}],"replies":[{"embeddable":true,"href":"https:\/\/lemotdujour.fr\/index.php?rest_route=%2Fwp%2Fv2%2Fcomments&post=2033"}],"version-history":[{"count":1,"href":"https:\/\/lemotdujour.fr\/index.php?rest_route=\/wp\/v2\/posts\/2033\/revisions"}],"predecessor-version":[{"id":2034,"href":"https:\/\/lemotdujour.fr\/index.php?rest_route=\/wp\/v2\/posts\/2033\/revisions\/2034"}],"wp:attachment":[{"href":"https:\/\/lemotdujour.fr\/index.php?rest_route=%2Fwp%2Fv2%2Fmedia&parent=2033"}],"wp:term":[{"taxonomy":"category","embeddable":true,"href":"https:\/\/lemotdujour.fr\/index.php?rest_route=%2Fwp%2Fv2%2Fcategories&post=2033"},{"taxonomy":"post_tag","embeddable":true,"href":"https:\/\/lemotdujour.fr\/index.php?rest_route=%2Fwp%2Fv2%2Ftags&post=2033"}],"curies":[{"name":"wp","href":"https:\/\/api.w.org\/{rel}","templated":true}]}}