{"id":2031,"date":"2013-03-14T01:00:00","date_gmt":"2013-03-13T22:00:00","guid":{"rendered":"http:\/\/lemotdujour.fr\/?p=2031"},"modified":"2020-04-13T17:58:28","modified_gmt":"2020-04-13T15:58:28","slug":"jeudi-14-mars-2013","status":"publish","type":"post","link":"https:\/\/lemotdujour.fr\/?p=2031","title":{"rendered":"Jeudi 14 mars 2013"},"content":{"rendered":"<div class=\"mdjDate\">Jeudi 14 mars 2013<\/div>\n<div class=\"mdjTexte\">\u00ab\u00a0Habemus Papam\u00a0\u00bb<\/div>\n<div class=\"mdjAuteur\">Eglise Catholique<\/div>\n<p><span style=\"color: #777777; font-family: Arial;\">C&rsquo;est une formule qui lorsqu&rsquo;on la prononce, soi-m\u00eame, poss\u00e8de un caract\u00e8re jubilatoire. Plus encore si on y accole la phrase d&rsquo;introduction :<br \/>\n<\/span><\/p>\n<p><a href=\"https:\/\/www.youtube.com\/watch?v=qi5mhn3-5vI\"><img loading=\"lazy\" decoding=\"async\" class=\"alignleft\" src=\"https:\/\/lemotdujour.fr\/wp-content\/uploads\/2020\/04\/041320_1509_LundiXXfvri1.jpg\" alt=\"\" width=\"293\" height=\"164\" align=\"left\" \/><\/a><span style=\"color: #c00000; font-family: Arial;\">\u00ab\u00a0Annuntio vobis gaudium magnum : habemus papam,\u00a0\u00bb<br \/>\nJe vous annonce une grande joie : nous avons un pape.<br \/>\n<\/span><\/p>\n<p><span style=\"color: #777777; font-family: Arial;\">C&rsquo;est une phrase s\u00e9culaire et rare.<br \/>\n<\/span><\/p>\n<p><span style=\"color: #777777; font-family: Arial;\">La derni\u00e8re fois qu&rsquo;elle avait \u00e9t\u00e9 prononc\u00e9e, Chirac \u00e9tait encore notre pr\u00e9sident.<br \/>\n<\/span><\/p>\n<p><span style=\"color: #777777; font-family: Arial;\">Et la fois d&rsquo;avant j&rsquo;avais 20 ans, preuve que c&rsquo;\u00e9tait il y a longtemps.<br \/>\n<\/span><\/p>\n<p><span style=\"color: #777777; font-family: Arial;\">Ainsi le comit\u00e9 central du parti catholique qui revendique plus d&rsquo;un milliard d&rsquo;adh\u00e9rents a d\u00e9sign\u00e9 son secr\u00e9taire g\u00e9n\u00e9ral, le m\u00eame jour o\u00f9 la r\u00e9publique communiste chinoise de plus d&rsquo;un milliard d&rsquo;individus a confirm\u00e9 son nouveau pr\u00e9sident.<br \/>\n<\/span><\/p>\n<p><span style=\"color: #777777; font-family: Arial;\">Pardon mais c&rsquo;est tr\u00e8s faux d&rsquo;\u00e9crire les choses ainsi, puisque le parti communiste s&rsquo;est inspir\u00e9 de l&rsquo;organisation de L&rsquo;Eglise catholique et de son centralisme d\u00e9mocratique, non le contraire.<br \/>\n<\/span><\/p>\n<p><span style=\"color: #777777; font-family: Arial;\">Donc ce qui est juste d&rsquo;\u00e9crire : <strong>le conclave des cardinaux a d\u00e9sign\u00e9 l&rsquo;Ev\u00eaque de Rome<\/strong>.<br \/>\n<\/span><\/p>\n<p><img decoding=\"async\" class=\"alignright\" src=\"https:\/\/lemotdujour.fr\/wp-content\/uploads\/2020\/04\/041320_1509_LundiXXfvri2.jpg\" alt=\"\" align=\"left\" \/><span style=\"color: #777777; font-family: Arial;\">On ne rappellera jamais assez que si le christianisme est n\u00e9 en Jud\u00e9e, en Orient, il s&rsquo;est d\u00e9velopp\u00e9 dans l&rsquo;Empire Romain dont il a repris l&rsquo;organisation territoriale, la capitale et le vocabulaire comme \u00ab\u00a0souverain Pontife\u00a0\u00bb par exemple.<br \/>\n<\/span><\/p>\n<p><span style=\"color: #777777; font-family: Arial;\">L&rsquo;\u00c9glise Catholique est donc la continuation de cet Empire disparu au V<sup>\u00e8me<\/sup> si\u00e8cle.<br \/>\n<\/span><\/p>\n<p><span style=\"color: #777777; font-family: Arial;\">\u00ab\u00a0Habemus Papam\u00a0\u00bb est aussi un tr\u00e8s beau film de Nanni Moretti o\u00f9 Michel Piccoli joue le r\u00f4le du Pape nouvellement d\u00e9sign\u00e9 et qui au moment d&rsquo;aller sur le balcon saluer les fid\u00e8les est pris d&rsquo;une violente crise d&rsquo;angoisse et s&rsquo;enfuit.<br \/>\n<\/span><\/p>\n<p><span style=\"color: #c00000; font-family: Arial;\">&lt;75&gt;<\/span><\/p>\n","protected":false},"excerpt":{"rendered":"<p>Jeudi 14 mars 2013 \u00ab\u00a0Habemus Papam\u00a0\u00bb Eglise Catholique C&rsquo;est une formule qui lorsqu&rsquo;on la prononce, soi-m\u00eame, poss\u00e8de un caract\u00e8re jubilatoire. Plus encore si on y accole la phrase d&rsquo;introduction : \u00ab\u00a0Annuntio vobis gaudium magnum : habemus papam,\u00a0\u00bb Je vous annonce<\/p>\n","protected":false},"author":1,"featured_media":0,"comment_status":"closed","ping_status":"closed","sticky":false,"template":"","format":"standard","meta":{"footnotes":""},"categories":[1],"tags":[24,17,34],"class_list":["post-2031","post","type-post","status-publish","format-standard","hentry","category-motdujour","tag-actualite","tag-histoire","tag-religion"],"_links":{"self":[{"href":"https:\/\/lemotdujour.fr\/index.php?rest_route=\/wp\/v2\/posts\/2031","targetHints":{"allow":["GET"]}}],"collection":[{"href":"https:\/\/lemotdujour.fr\/index.php?rest_route=\/wp\/v2\/posts"}],"about":[{"href":"https:\/\/lemotdujour.fr\/index.php?rest_route=\/wp\/v2\/types\/post"}],"author":[{"embeddable":true,"href":"https:\/\/lemotdujour.fr\/index.php?rest_route=\/wp\/v2\/users\/1"}],"replies":[{"embeddable":true,"href":"https:\/\/lemotdujour.fr\/index.php?rest_route=%2Fwp%2Fv2%2Fcomments&post=2031"}],"version-history":[{"count":3,"href":"https:\/\/lemotdujour.fr\/index.php?rest_route=\/wp\/v2\/posts\/2031\/revisions"}],"predecessor-version":[{"id":8570,"href":"https:\/\/lemotdujour.fr\/index.php?rest_route=\/wp\/v2\/posts\/2031\/revisions\/8570"}],"wp:attachment":[{"href":"https:\/\/lemotdujour.fr\/index.php?rest_route=%2Fwp%2Fv2%2Fmedia&parent=2031"}],"wp:term":[{"taxonomy":"category","embeddable":true,"href":"https:\/\/lemotdujour.fr\/index.php?rest_route=%2Fwp%2Fv2%2Fcategories&post=2031"},{"taxonomy":"post_tag","embeddable":true,"href":"https:\/\/lemotdujour.fr\/index.php?rest_route=%2Fwp%2Fv2%2Ftags&post=2031"}],"curies":[{"name":"wp","href":"https:\/\/api.w.org\/{rel}","templated":true}]}}