{"id":2029,"date":"2013-03-12T01:00:00","date_gmt":"2013-03-11T22:00:00","guid":{"rendered":"http:\/\/lemotdujour.fr\/?p=2029"},"modified":"2017-09-24T23:42:37","modified_gmt":"2017-09-24T21:42:37","slug":"mardi-12-mars-2013","status":"publish","type":"post","link":"https:\/\/lemotdujour.fr\/?p=2029","title":{"rendered":"Mardi 12 mars 2013"},"content":{"rendered":"<div class=\"mdjDate\">Mardi 12 mars 2013<\/div>\n<div class=\"mdjTexte\">\u00ab\u00a0Je l&rsquo;ai su,<br \/>\nMais je ne l&rsquo;ai pas cru,<br \/>\nEt parce que je ne l&rsquo;ai pas cru,<br \/>\nje ne l&rsquo;ai pas su.\u00a0\u00bb<\/div>\n<div class=\"mdjAuteur\">Raymond Aron<\/div>\n<div class=\"mdjComplements\">Il y a des mots du jour qui parlent \u00e0 l&rsquo;intellect.<\/div>\n<div class=\"mdjComplements\">Il en est qui sont des traits d&rsquo;humour, mais il en existe qui touchent au plus profond de l&rsquo;\u00e2me humaine.<\/div>\n<div class=\"mdjComplements\">Raymond Aron vivait \u00e0 Berlin en 1933, lors de l&rsquo;arriv\u00e9e au pouvoir d&rsquo;Hitler, il a pass\u00e9 la guerre \u00e0 Londres dans l&rsquo;entourage de De Gaulle, il \u00e9tait donc tr\u00e8s bien inform\u00e9 de ce qui se passait en Allemagne.<\/div>\n<div class=\"mdjComplements\">Bien apr\u00e8s 1945 quand on lui a demand\u00e9 : \u00ab\u00a0Saviez-vous ce que les allemands faisaient aux juifs dans les camps de la mort ?\u00a0\u00bb<\/div>\n<div class=\"mdjComplements\">Il a eu cette r\u00e9ponse extraordinaire :<\/div>\n<div class=\"mdjComplements\">\u00ab\u00a0Je l&rsquo;ai su, Mais je ne l&rsquo;ai pas cru,<\/div>\n<div class=\"mdjComplements\">Et parce que je ne l&rsquo;ai pas cru, je ne l&rsquo;ai pas su.\u00a0\u00bb<\/div>\n<div class=\"mdjComplements\">Quand une r\u00e9alit\u00e9 se trouve en dehors de nos sch\u00e9mas de pens\u00e9es, \u00e0 l&rsquo;ext\u00e9rieur de ce que nous estimons dans le champ du possible, nous ne croyons pas ce que nous savons et nous ne savons plus.<\/div>\n<div class=\"mdjComplements\"><strong>La lecture de ce mot du jour peut s&rsquo;arr\u00eater ici.<\/strong><\/div>\n<div class=\"mdjComplements\">___________________________________________________________<\/div>\n<div class=\"mdjComplements\">Elle peut aussi continuer, si vous en avez la patience et souhaitez savoir pourquoi j&rsquo;ai \u00e9crit ce mot du jour aujourd&rsquo;hui et quel est le sens de l&rsquo;introduction.<\/div>\n<div class=\"mdjComplements\">Si vous lisez les journaux, vous savez que se d\u00e9roule actuellement le proc\u00e8s du fondateur de l&rsquo;\u00e9cole en bateau et de ses complices.<\/div>\n<div class=\"mdjComplements\">L&rsquo;\u00e9cole en bateau est, dans la suite de la pens\u00e9e de 68, une exp\u00e9rience de p\u00e9dagogie alternative \u00e0 l&rsquo;institution scolaire, o\u00f9 des enfants entre 9 et 15 ans, voire plus, apprennent non pas dans une salle de classe mais en voyageant sur un bateau, en prenant la responsabilit\u00e9 de son fonctionnement dans toutes ses dimensions.<\/div>\n<div class=\"mdjComplements\">Parmi les victimes se trouvent 3 gar\u00e7ons de ma famille proche.<\/div>\n<div class=\"mdjComplements\">J&rsquo;ai rencontr\u00e9 plusieurs fois le fondateur et plus encore son second.<\/div>\n<div class=\"mdjComplements\">Cette exp\u00e9rience \u00e9tait pour moi \u00e0 l&rsquo;\u00e9poque absolument passionnante et je la pr\u00e9sentais sous les angles les plus positifs.<\/div>\n<div class=\"mdjComplements\">Si on reste dans les indicateurs objectifs et qu&rsquo;on passe sous silence l&rsquo;aspect humain, cette exp\u00e9rience a \u00e9t\u00e9 remarquable.<\/div>\n<div class=\"mdjComplements\">Sachez que l&rsquo;ain\u00e9 de cette fratrie a quitt\u00e9 le syst\u00e8me scolaire fran\u00e7ais pendant 4 ans, il l&rsquo;a r\u00e9int\u00e9gr\u00e9 \u00e0 16\/17 ans, en Terminale, c&rsquo;est \u00e0 dire sans aucune perte de temps dans son cursus scolaire.<\/div>\n<div class=\"mdjComplements\">Ce gar\u00e7on a int\u00e9gr\u00e9, deux ans apr\u00e8s, le nec plus ultra de la r\u00e9ussite scolaire fran\u00e7aise : l&rsquo;Ecole Normale Sup\u00e9rieure de la rue d&rsquo;Ulm.<\/div>\n<div class=\"mdjComplements\">Le second est rest\u00e9 5 ans sur ce bateau, il a r\u00e9int\u00e9gr\u00e9 le syst\u00e8me en seconde. Il a r\u00e9ussi l&rsquo;Ecole Centrale de Paris.<\/div>\n<div class=\"mdjComplements\">Le troisi\u00e8me qui n&rsquo;est rest\u00e9 qu&rsquo;un an poursuit \u00e9galement une belle carri\u00e8re, il a fait Science Po Paris et a rat\u00e9 d&rsquo;un rien l&rsquo;ENA.<\/div>\n<div class=\"mdjComplements\">Ces 3 gar\u00e7ons parlent couramment plusieurs langues, ils sont tr\u00e8s bricoleurs et tr\u00e8s d\u00e9brouillards dans la vie.<\/div>\n<div class=\"mdjComplements\">Mais sur le plan de l&rsquo;\u00e9quilibre et de l&rsquo;\u00e9panouissement humain, la situation est plus difficile.<\/div>\n<div class=\"mdjComplements\">Le d\u00e9but du proc\u00e8s a d\u00e9j\u00e0 montr\u00e9 que la p\u00e9dophilie du fondateur pr\u00e9existait \u00e0 cette aventure de l&rsquo;\u00e9cole en bateau. Il est vraisemblable que toute cette exp\u00e9rience reposait sur la manipulation de cet homme organisant un harem d&rsquo;enfants pour sa perversit\u00e9, dans un lieu id\u00e9al pour assouvir ses fantasmes.<\/div>\n<div class=\"mdjComplements\">Les parents et moi-m\u00eame, ne pouvions pas ne pas le savoir.<\/div>\n<div class=\"mdjComplements\">Il avait \u00e9crit un livre dont il est question dans les journaux et qui d\u00e9crivait comment cet homme concevait les relations entre enfants et adultes.<\/div>\n<div class=\"mdjComplements\">Un jour j&rsquo;ai montr\u00e9 le journal que l&rsquo;\u00e9cole en bateau produisait, \u00e0 un ami qui ne connaissait personne de cette aventure.<\/div>\n<div class=\"mdjComplements\">Au bout de 2 minutes, cet ami m&rsquo;a regard\u00e9 et m&rsquo;a dit : \u00ab\u00a0Mais enfin, ce que tu me montres l\u00e0, c&rsquo;est un paradis de p\u00e9dophile\u00a0\u00bb.<\/div>\n<div class=\"mdjComplements\">Je l&rsquo;ai su, mais je ne l&rsquo;ai pas cru.<\/div>\n<div class=\"mdjComplements\">Et parce que je ne l&rsquo;ai pas cru, je ne l&rsquo;ai pas su.<\/div>\n<div class=\"mdjComplements\">Tout cela doit rendre tr\u00e8s humble.<\/div>\n<div class=\"mdjComplements\">Nous apprenons rarement de l&rsquo;exp\u00e9rience des autres.<\/div>\n<div class=\"mdjComplements\">Mais la vie n&rsquo;est finalement rien d&rsquo;autre que d&rsquo;essayer, chaque jour, de devenir moins stupide et moins na\u00eff.<\/div>\n<div class=\"mdjComplements\"><span style=\"color: #800000;\">&lt;74&gt;<\/span><\/div>\n","protected":false},"excerpt":{"rendered":"<p>Mardi 12 mars 2013 \u00ab\u00a0Je l&rsquo;ai su, Mais je ne l&rsquo;ai pas cru, Et parce que je ne l&rsquo;ai pas cru, je ne l&rsquo;ai pas su.\u00a0\u00bb Raymond Aron Il y a des mots du jour qui parlent \u00e0 l&rsquo;intellect. Il<\/p>\n","protected":false},"author":1,"featured_media":0,"comment_status":"closed","ping_status":"closed","sticky":false,"template":"","format":"standard","meta":{"footnotes":""},"categories":[1],"tags":[19,14,7],"class_list":["post-2029","post","type-post","status-publish","format-standard","hentry","category-motdujour","tag-personnel","tag-recit","tag-societe"],"_links":{"self":[{"href":"https:\/\/lemotdujour.fr\/index.php?rest_route=\/wp\/v2\/posts\/2029","targetHints":{"allow":["GET"]}}],"collection":[{"href":"https:\/\/lemotdujour.fr\/index.php?rest_route=\/wp\/v2\/posts"}],"about":[{"href":"https:\/\/lemotdujour.fr\/index.php?rest_route=\/wp\/v2\/types\/post"}],"author":[{"embeddable":true,"href":"https:\/\/lemotdujour.fr\/index.php?rest_route=\/wp\/v2\/users\/1"}],"replies":[{"embeddable":true,"href":"https:\/\/lemotdujour.fr\/index.php?rest_route=%2Fwp%2Fv2%2Fcomments&post=2029"}],"version-history":[{"count":4,"href":"https:\/\/lemotdujour.fr\/index.php?rest_route=\/wp\/v2\/posts\/2029\/revisions"}],"predecessor-version":[{"id":3226,"href":"https:\/\/lemotdujour.fr\/index.php?rest_route=\/wp\/v2\/posts\/2029\/revisions\/3226"}],"wp:attachment":[{"href":"https:\/\/lemotdujour.fr\/index.php?rest_route=%2Fwp%2Fv2%2Fmedia&parent=2029"}],"wp:term":[{"taxonomy":"category","embeddable":true,"href":"https:\/\/lemotdujour.fr\/index.php?rest_route=%2Fwp%2Fv2%2Fcategories&post=2029"},{"taxonomy":"post_tag","embeddable":true,"href":"https:\/\/lemotdujour.fr\/index.php?rest_route=%2Fwp%2Fv2%2Ftags&post=2029"}],"curies":[{"name":"wp","href":"https:\/\/api.w.org\/{rel}","templated":true}]}}