{"id":2027,"date":"2013-03-08T01:00:00","date_gmt":"2013-03-07T22:00:00","guid":{"rendered":"http:\/\/lemotdujour.fr\/?p=2027"},"modified":"2017-05-20T16:00:25","modified_gmt":"2017-05-20T14:00:25","slug":"vendredi-08-mars-2013","status":"publish","type":"post","link":"https:\/\/lemotdujour.fr\/?p=2027","title":{"rendered":"Vendredi 08 mars 2013"},"content":{"rendered":"<div class=\"mdjDate\">Vendredi 08 mars 2013<\/div>\n<div class=\"mdjTexte\">\u00abUne moiti\u00e9 de l&rsquo;esp\u00e8ce humaine est hors de l&rsquo;\u00e9galit\u00e9, <br \/> il faut l&rsquo;y faire rentrer : donner pour contrepoids au droit de l&rsquo;homme le droit de la femme. \u00bb<\/div>\n<div class=\"mdjAuteur\">Victor Hugo (1802-1885) &#8211; Actes et Paroles<\/div>\n<div class=\"mdjComplements\">Lors de la journ\u00e9e des femmes, le mot du jour ne peut qu&rsquo;\u00e9voquer la meilleure part de l&rsquo;Humanit\u00e9.<\/div>\n<div class=\"mdjComplements\">En France l&rsquo;\u00e9galit\u00e9, notamment au niveau des revenus, reste un id\u00e9al \u00e0 atteindre, mais dans le monde il existe beaucoup de pays o\u00f9 la situation est bien pire, dans certaines soci\u00e9t\u00e9s, il existe un v\u00e9ritable apartheid et une grande violence \u00e0 l&rsquo;\u00e9gard des femmes.<\/div>\n<div class=\"mdjComplements\">Je voudrai en ce jour redonner la parole \u00e0 ce grand humaniste, visionnaire et pr\u00e9curseur qu&rsquo;on a un peu oubli\u00e9 m\u00eame s&rsquo;il reste un monument.<\/div>\n<div class=\"mdjComplements\">Monument aust\u00e8re et lointain dont on oublie l&rsquo;actualit\u00e9 : chantre de l&rsquo;Union politique de l&rsquo;Europe (mot du jour du 08\/11\/2012), combattant contre la peine de mort et r\u00e9dacteur de cette profession de foi de l&rsquo;Humanisme : &lsquo;Chaque fois qu&rsquo;on ouvre une \u00e9cole, on ferme une prison.\u00a0\u00bb<\/div>\n","protected":false},"excerpt":{"rendered":"<p>Vendredi 08 mars 2013 \u00abUne moiti\u00e9 de l&rsquo;esp\u00e8ce humaine est hors de l&rsquo;\u00e9galit\u00e9, il faut l&rsquo;y faire rentrer : donner pour contrepoids au droit de l&rsquo;homme le droit de la femme. \u00bb Victor Hugo (1802-1885) &#8211; Actes et Paroles Lors<\/p>\n","protected":false},"author":1,"featured_media":0,"comment_status":"closed","ping_status":"closed","sticky":false,"template":"","format":"standard","meta":{"footnotes":""},"categories":[1],"tags":[],"class_list":["post-2027","post","type-post","status-publish","format-standard","hentry","category-motdujour"],"_links":{"self":[{"href":"https:\/\/lemotdujour.fr\/index.php?rest_route=\/wp\/v2\/posts\/2027","targetHints":{"allow":["GET"]}}],"collection":[{"href":"https:\/\/lemotdujour.fr\/index.php?rest_route=\/wp\/v2\/posts"}],"about":[{"href":"https:\/\/lemotdujour.fr\/index.php?rest_route=\/wp\/v2\/types\/post"}],"author":[{"embeddable":true,"href":"https:\/\/lemotdujour.fr\/index.php?rest_route=\/wp\/v2\/users\/1"}],"replies":[{"embeddable":true,"href":"https:\/\/lemotdujour.fr\/index.php?rest_route=%2Fwp%2Fv2%2Fcomments&post=2027"}],"version-history":[{"count":1,"href":"https:\/\/lemotdujour.fr\/index.php?rest_route=\/wp\/v2\/posts\/2027\/revisions"}],"predecessor-version":[{"id":2028,"href":"https:\/\/lemotdujour.fr\/index.php?rest_route=\/wp\/v2\/posts\/2027\/revisions\/2028"}],"wp:attachment":[{"href":"https:\/\/lemotdujour.fr\/index.php?rest_route=%2Fwp%2Fv2%2Fmedia&parent=2027"}],"wp:term":[{"taxonomy":"category","embeddable":true,"href":"https:\/\/lemotdujour.fr\/index.php?rest_route=%2Fwp%2Fv2%2Fcategories&post=2027"},{"taxonomy":"post_tag","embeddable":true,"href":"https:\/\/lemotdujour.fr\/index.php?rest_route=%2Fwp%2Fv2%2Ftags&post=2027"}],"curies":[{"name":"wp","href":"https:\/\/api.w.org\/{rel}","templated":true}]}}