{"id":2025,"date":"2013-03-07T01:00:00","date_gmt":"2013-03-06T22:00:00","guid":{"rendered":"http:\/\/lemotdujour.fr\/?p=2025"},"modified":"2021-08-09T14:41:08","modified_gmt":"2021-08-09T12:41:08","slug":"jeudi-07-mars-2013","status":"publish","type":"post","link":"https:\/\/lemotdujour.fr\/?p=2025","title":{"rendered":"Jeudi 07 mars 2013"},"content":{"rendered":"<div class=\"mdjDate\">Jeudi 07 mars 2013<\/div>\n<div class=\"mdjTexte\">\u00ab Il n&rsquo;y a qu&rsquo;en prison qu&rsquo;on a le temps de lire et de penser aux choses s\u00e9rieuses\u00a0\u00bb<\/div>\n<div class=\"mdjAuteur\">R\u00e9gis Debray<\/div>\n<div class=\"mdjComplements\">Pour consoler Berlusconi qui vient d&rsquo;\u00eatre condamn\u00e9 \u00e0 un an de prison par un tribunal milanais, ce propos d&rsquo;un homme qui parle de son exp\u00e9rience. Propos tenu le 03\/03\/2010 dans l&rsquo;\u00e9mission Nonobstant et que j&rsquo;ai not\u00e9.<\/div>\n","protected":false},"excerpt":{"rendered":"<p>Jeudi 07 mars 2013 \u00ab Il n&rsquo;y a qu&rsquo;en prison qu&rsquo;on a le temps de lire et de penser aux choses s\u00e9rieuses\u00a0\u00bb R\u00e9gis Debray Pour consoler Berlusconi qui vient d&rsquo;\u00eatre condamn\u00e9 \u00e0 un an de prison par un tribunal milanais,<\/p>\n","protected":false},"author":1,"featured_media":0,"comment_status":"closed","ping_status":"closed","sticky":false,"template":"","format":"standard","meta":{"footnotes":""},"categories":[1],"tags":[9],"class_list":["post-2025","post","type-post","status-publish","format-standard","hentry","category-motdujour","tag-litterature"],"_links":{"self":[{"href":"https:\/\/lemotdujour.fr\/index.php?rest_route=\/wp\/v2\/posts\/2025","targetHints":{"allow":["GET"]}}],"collection":[{"href":"https:\/\/lemotdujour.fr\/index.php?rest_route=\/wp\/v2\/posts"}],"about":[{"href":"https:\/\/lemotdujour.fr\/index.php?rest_route=\/wp\/v2\/types\/post"}],"author":[{"embeddable":true,"href":"https:\/\/lemotdujour.fr\/index.php?rest_route=\/wp\/v2\/users\/1"}],"replies":[{"embeddable":true,"href":"https:\/\/lemotdujour.fr\/index.php?rest_route=%2Fwp%2Fv2%2Fcomments&post=2025"}],"version-history":[{"count":2,"href":"https:\/\/lemotdujour.fr\/index.php?rest_route=\/wp\/v2\/posts\/2025\/revisions"}],"predecessor-version":[{"id":12053,"href":"https:\/\/lemotdujour.fr\/index.php?rest_route=\/wp\/v2\/posts\/2025\/revisions\/12053"}],"wp:attachment":[{"href":"https:\/\/lemotdujour.fr\/index.php?rest_route=%2Fwp%2Fv2%2Fmedia&parent=2025"}],"wp:term":[{"taxonomy":"category","embeddable":true,"href":"https:\/\/lemotdujour.fr\/index.php?rest_route=%2Fwp%2Fv2%2Fcategories&post=2025"},{"taxonomy":"post_tag","embeddable":true,"href":"https:\/\/lemotdujour.fr\/index.php?rest_route=%2Fwp%2Fv2%2Ftags&post=2025"}],"curies":[{"name":"wp","href":"https:\/\/api.w.org\/{rel}","templated":true}]}}