{"id":2021,"date":"2013-03-05T01:00:00","date_gmt":"2013-03-04T22:00:00","guid":{"rendered":"http:\/\/lemotdujour.fr\/?p=2021"},"modified":"2017-05-20T16:00:24","modified_gmt":"2017-05-20T14:00:24","slug":"mardi-05-mars-2013","status":"publish","type":"post","link":"https:\/\/lemotdujour.fr\/?p=2021","title":{"rendered":"Mardi 05 mars 2013"},"content":{"rendered":"<div class=\"mdjDate\">Mardi 05 mars 2013<\/div>\n<div class=\"mdjTexte\">\u00ab\u00a0Doit-on d\u00e9terminer notre politique \u00e9conomique<br \/>en fonction de consid\u00e9rations \u00e9lectorales ?\u00a0\u00bb<\/div>\n<div class=\"mdjAuteur\">Manuel Barroso<\/div>\n<div class=\"mdjComplements\">Hubert V\u00e9drine est invit\u00e9 sur France Culture tous les vendredis dans l&rsquo;\u00e9mission appel\u00e9 \u00ab\u00a0Le monde selon Hubert V\u00e9drine\u00a0\u00bb<\/div>\n<div class=\"mdjComplements\">Vendredi dernier il a analys\u00e9 les r\u00e9actions apr\u00e8s les \u00e9lections italiennes et a mis en exergue cet avis \u00ab\u00a0Doit-on d\u00e9terminer notre politique \u00e9conomique en fonction de consid\u00e9rations \u00e9lectorales ?\u00a0\u00bb Manuel Barroso\u00a0? Pr\u00e9sident de la commission europ\u00e9enne.<\/div>\n<div class=\"mdjComplements\">Comme l&rsquo;explique Hubert V\u00e9drine la r\u00e9ponse que sous-tend cette question de notre \u00e9minent pr\u00e9sident de la commission europ\u00e9enne est \u00ab\u00a0NON\u00a0\u00bb<\/div>\n<div class=\"mdjComplements\">Et Hubert V\u00e9drine d&rsquo;expliquer que si ce n&rsquo;est pas le vote des citoyens qui d\u00e9termine la politique, c&rsquo;est que nous entrons dans une \u00e8re postd\u00e9mocratique.<\/div>\n<div class=\"mdjComplements\">Emmanuel Todd avait \u00e9crit \u00ab\u00a0Apr\u00e8s la d\u00e9mocratie\u00a0\u00bb.<\/div>\n<div class=\"mdjComplements\">Je crois que jamais un responsable de ce niveau (Barroso) n&rsquo;a dit avec autant de \u00ab\u00a0fra\u00eecheur\u00a0\u00bb que les experts n&rsquo;en avaient que faire de l&rsquo;avis des gens.<\/div>\n<div class=\"mdjComplements\">Hubert V\u00e9drine, dans un avis que je partage, trouve cela tr\u00e8s dangereux.<\/div>\n","protected":false},"excerpt":{"rendered":"<p>Mardi 05 mars 2013 \u00ab\u00a0Doit-on d\u00e9terminer notre politique \u00e9conomiqueen fonction de consid\u00e9rations \u00e9lectorales ?\u00a0\u00bb Manuel Barroso Hubert V\u00e9drine est invit\u00e9 sur France Culture tous les vendredis dans l&rsquo;\u00e9mission appel\u00e9 \u00ab\u00a0Le monde selon Hubert V\u00e9drine\u00a0\u00bb Vendredi dernier il a analys\u00e9 les<\/p>\n","protected":false},"author":1,"featured_media":0,"comment_status":"closed","ping_status":"closed","sticky":false,"template":"","format":"standard","meta":{"footnotes":""},"categories":[1],"tags":[],"class_list":["post-2021","post","type-post","status-publish","format-standard","hentry","category-motdujour"],"_links":{"self":[{"href":"https:\/\/lemotdujour.fr\/index.php?rest_route=\/wp\/v2\/posts\/2021","targetHints":{"allow":["GET"]}}],"collection":[{"href":"https:\/\/lemotdujour.fr\/index.php?rest_route=\/wp\/v2\/posts"}],"about":[{"href":"https:\/\/lemotdujour.fr\/index.php?rest_route=\/wp\/v2\/types\/post"}],"author":[{"embeddable":true,"href":"https:\/\/lemotdujour.fr\/index.php?rest_route=\/wp\/v2\/users\/1"}],"replies":[{"embeddable":true,"href":"https:\/\/lemotdujour.fr\/index.php?rest_route=%2Fwp%2Fv2%2Fcomments&post=2021"}],"version-history":[{"count":1,"href":"https:\/\/lemotdujour.fr\/index.php?rest_route=\/wp\/v2\/posts\/2021\/revisions"}],"predecessor-version":[{"id":2022,"href":"https:\/\/lemotdujour.fr\/index.php?rest_route=\/wp\/v2\/posts\/2021\/revisions\/2022"}],"wp:attachment":[{"href":"https:\/\/lemotdujour.fr\/index.php?rest_route=%2Fwp%2Fv2%2Fmedia&parent=2021"}],"wp:term":[{"taxonomy":"category","embeddable":true,"href":"https:\/\/lemotdujour.fr\/index.php?rest_route=%2Fwp%2Fv2%2Fcategories&post=2021"},{"taxonomy":"post_tag","embeddable":true,"href":"https:\/\/lemotdujour.fr\/index.php?rest_route=%2Fwp%2Fv2%2Ftags&post=2021"}],"curies":[{"name":"wp","href":"https:\/\/api.w.org\/{rel}","templated":true}]}}