{"id":2019,"date":"2013-02-27T01:00:00","date_gmt":"2013-02-26T22:00:00","guid":{"rendered":"http:\/\/lemotdujour.fr\/?p=2019"},"modified":"2017-05-20T16:00:23","modified_gmt":"2017-05-20T14:00:23","slug":"mercredi-27-fevrier-2013","status":"publish","type":"post","link":"https:\/\/lemotdujour.fr\/?p=2019","title":{"rendered":"Mercredi 27 f\u00e9vrier 2013"},"content":{"rendered":"<div class=\"mdjDate\">Mercredi 27 f\u00e9vrier 2013<\/div>\n<div class=\"mdjTexte\">\u00ab\u00a0Non seulement la mort ne me fait pas peur<br \/>mais je pense qu&rsquo;elle m&rsquo;accueillera avec la m\u00eame gentillesse<br \/>que j&rsquo;ai \u00e9t\u00e9 accueilli tout au long de ma vie par les \u00eatres que j&rsquo;ai rencontr\u00e9s.<br \/>Je lui fais confiance.\u00a0\u00bb<\/div>\n<div class=\"mdjAuteur\">St\u00e9phane Hessel<\/div>\n<div class=\"mdjComplements\">St\u00e9phane Hessel est mort cette nuit<\/div>\n<div class=\"mdjComplements\">St\u00e9phane Hessel faisait en 2010 l&rsquo;objet d&rsquo;un documentaire dans la s\u00e9rie \u00ab\u00a0Empreintes\u00a0\u00bb diffus\u00e9e sur France 5. L&rsquo;auteur avait \u00e9voqu\u00e9 la mani\u00e8re dont il abordait la mort face \u00e0 la cam\u00e9ra de Sophie Lechevalier et de Thierry Neuville.<\/div>\n<div class=\"mdjCiter\">\u00ab\u00a0Pour moi, la mort a \u00e9t\u00e9 \u00e0 certains moments de ma vie tr\u00e8s proche puisque je l&rsquo;ai fr\u00f4l\u00e9e plusieurs fois. Aujourd&rsquo;hui que j&rsquo;atteins l&rsquo;\u00e2ge o\u00f9 la mort est l\u00e0, toute proche, elle ne pourra plus gu\u00e8re tarder maintenant \u00e0 accomplir ma vie.<\/div>\n<div class=\"mdjCiter\">Je la consid\u00e8re avec beaucoup de respect. Je la consid\u00e8re avec une attente tr\u00e8s amicale. La mort est pour moi une amie. Je sais qu&rsquo;elle est l\u00e0. Je sais qu&rsquo;elle prendra son temps, qu&rsquo;elle trouvera son heure.<\/div>\n<div class=\"mdjCiter\">Je suis convaincu qu&rsquo;elle ne mettra pas seulement fin \u00e0 la vie de mon corps mais qu&rsquo;elle ouvrira la porte \u00e0 quelque chose dont je ne sais absolument pas ce que c&rsquo;est. Elle est aussi sans doute le commencement d&rsquo;un rapport de cet \u00eatre que nous sommes avec une autre dimension.<\/div>\n<div class=\"mdjCiter\">Non seulement (la mort) ne me fait pas peur mais je pense qu&rsquo;elle m&rsquo;accueillera avec la m\u00eame gentillesse que j&rsquo;ai \u00e9t\u00e9 accueilli tout au long de ma vie par les \u00eatres que j&rsquo;ai rencontr\u00e9s. Je lui fais confiance.\u00a0\u00bb<\/div>\n<div class=\"mdjComplements\"><a href=\"http:\/\/tempsreel.nouvelobs.com\/stephane-hessel\/20130227.OBS0163\/quand-stephane-hessel-parlait-de-la-mort.html\">http:\/\/tempsreel.nouvelobs.com\/stephane-hessel\/20130227.OBS0163\/quand-stephane-hessel-parlait-de-la-mort.html<\/a><\/div>\n","protected":false},"excerpt":{"rendered":"<p>Mercredi 27 f\u00e9vrier 2013 \u00ab\u00a0Non seulement la mort ne me fait pas peurmais je pense qu&rsquo;elle m&rsquo;accueillera avec la m\u00eame gentillesseque j&rsquo;ai \u00e9t\u00e9 accueilli tout au long de ma vie par les \u00eatres que j&rsquo;ai rencontr\u00e9s.Je lui fais confiance.\u00a0\u00bb St\u00e9phane<\/p>\n","protected":false},"author":1,"featured_media":0,"comment_status":"closed","ping_status":"closed","sticky":false,"template":"","format":"standard","meta":{"footnotes":""},"categories":[1],"tags":[],"class_list":["post-2019","post","type-post","status-publish","format-standard","hentry","category-motdujour"],"_links":{"self":[{"href":"https:\/\/lemotdujour.fr\/index.php?rest_route=\/wp\/v2\/posts\/2019","targetHints":{"allow":["GET"]}}],"collection":[{"href":"https:\/\/lemotdujour.fr\/index.php?rest_route=\/wp\/v2\/posts"}],"about":[{"href":"https:\/\/lemotdujour.fr\/index.php?rest_route=\/wp\/v2\/types\/post"}],"author":[{"embeddable":true,"href":"https:\/\/lemotdujour.fr\/index.php?rest_route=\/wp\/v2\/users\/1"}],"replies":[{"embeddable":true,"href":"https:\/\/lemotdujour.fr\/index.php?rest_route=%2Fwp%2Fv2%2Fcomments&post=2019"}],"version-history":[{"count":1,"href":"https:\/\/lemotdujour.fr\/index.php?rest_route=\/wp\/v2\/posts\/2019\/revisions"}],"predecessor-version":[{"id":2020,"href":"https:\/\/lemotdujour.fr\/index.php?rest_route=\/wp\/v2\/posts\/2019\/revisions\/2020"}],"wp:attachment":[{"href":"https:\/\/lemotdujour.fr\/index.php?rest_route=%2Fwp%2Fv2%2Fmedia&parent=2019"}],"wp:term":[{"taxonomy":"category","embeddable":true,"href":"https:\/\/lemotdujour.fr\/index.php?rest_route=%2Fwp%2Fv2%2Fcategories&post=2019"},{"taxonomy":"post_tag","embeddable":true,"href":"https:\/\/lemotdujour.fr\/index.php?rest_route=%2Fwp%2Fv2%2Ftags&post=2019"}],"curies":[{"name":"wp","href":"https:\/\/api.w.org\/{rel}","templated":true}]}}