{"id":2015,"date":"2013-02-21T01:00:00","date_gmt":"2013-02-20T22:00:00","guid":{"rendered":"http:\/\/lemotdujour.fr\/?p=2015"},"modified":"2017-05-20T16:00:20","modified_gmt":"2017-05-20T14:00:20","slug":"jeudi-21-fevrier-2013","status":"publish","type":"post","link":"https:\/\/lemotdujour.fr\/?p=2015","title":{"rendered":"Jeudi 21 f\u00e9vrier 2013"},"content":{"rendered":"<div class=\"mdjDate\">Jeudi 21 f\u00e9vrier 2013<\/div>\n<div class=\"mdjTexte\">\u00ab\u00a0Les lois inutiles affaiblissent les lois n\u00e9cessaires.\u00a0\u00bb<\/div>\n<div class=\"mdjAuteur\">Montesquieu De l&rsquo;esprit des lois (1748)<\/div>\n<div class=\"mdjComplements\">Fran\u00e7ois REBSAMEN, Le maire de Dijon exprimait r\u00e9cemment la crainte suivante : \u00ab\u00a0Il ne faudrait pas sombrer dans l&rsquo;inflation l\u00e9gislative\u00a0\u00bb (cf. lien vers article du Monde ci-apr\u00e8s)<\/div>\n<div class=\"mdjComplements\">Cela m&rsquo;incite \u00e0 mettre comme mot du jour, cette parole de sagesse de Montesquieu, toujours actuelle.<\/div>\n<div class=\"mdjComplements\">Tacite, il y a bien plus longtemps (historien et s\u00e9nateur romain n\u00e9 en 58 et mort vers 120 ap. J.-C.) disait d\u00e9j\u00e0 : \u00ab La plus mauvaise r\u00e9publique est celle qui a le plus de lois \u00bb<\/div>\n<div class=\"mdjComplements\"><a href=\"http:\/\/www.lemonde.fr\/politique\/article\/2013\/02\/13\/francois-rebsamen-met-en-garde-contre-l-embouteillage-legislatif_1832063_823448.html\">http:\/\/www.lemonde.fr\/politique\/article\/2013\/02\/13\/francois-rebsamen-met-en-garde-contre-l-embouteillage-legislatif_1832063_823448.html<\/a><\/div>\n<div class=\"mdjComplements\">Demain, il n&rsquo;y aura pas de mot du jour, je passerai ma journ\u00e9e avec des m\u00e9decins.<\/div>\n","protected":false},"excerpt":{"rendered":"<p>Jeudi 21 f\u00e9vrier 2013 \u00ab\u00a0Les lois inutiles affaiblissent les lois n\u00e9cessaires.\u00a0\u00bb Montesquieu De l&rsquo;esprit des lois (1748) Fran\u00e7ois REBSAMEN, Le maire de Dijon exprimait r\u00e9cemment la crainte suivante : \u00ab\u00a0Il ne faudrait pas sombrer dans l&rsquo;inflation l\u00e9gislative\u00a0\u00bb (cf. lien vers<\/p>\n","protected":false},"author":1,"featured_media":0,"comment_status":"closed","ping_status":"closed","sticky":false,"template":"","format":"standard","meta":{"footnotes":""},"categories":[1],"tags":[],"class_list":["post-2015","post","type-post","status-publish","format-standard","hentry","category-motdujour"],"_links":{"self":[{"href":"https:\/\/lemotdujour.fr\/index.php?rest_route=\/wp\/v2\/posts\/2015","targetHints":{"allow":["GET"]}}],"collection":[{"href":"https:\/\/lemotdujour.fr\/index.php?rest_route=\/wp\/v2\/posts"}],"about":[{"href":"https:\/\/lemotdujour.fr\/index.php?rest_route=\/wp\/v2\/types\/post"}],"author":[{"embeddable":true,"href":"https:\/\/lemotdujour.fr\/index.php?rest_route=\/wp\/v2\/users\/1"}],"replies":[{"embeddable":true,"href":"https:\/\/lemotdujour.fr\/index.php?rest_route=%2Fwp%2Fv2%2Fcomments&post=2015"}],"version-history":[{"count":1,"href":"https:\/\/lemotdujour.fr\/index.php?rest_route=\/wp\/v2\/posts\/2015\/revisions"}],"predecessor-version":[{"id":2016,"href":"https:\/\/lemotdujour.fr\/index.php?rest_route=\/wp\/v2\/posts\/2015\/revisions\/2016"}],"wp:attachment":[{"href":"https:\/\/lemotdujour.fr\/index.php?rest_route=%2Fwp%2Fv2%2Fmedia&parent=2015"}],"wp:term":[{"taxonomy":"category","embeddable":true,"href":"https:\/\/lemotdujour.fr\/index.php?rest_route=%2Fwp%2Fv2%2Fcategories&post=2015"},{"taxonomy":"post_tag","embeddable":true,"href":"https:\/\/lemotdujour.fr\/index.php?rest_route=%2Fwp%2Fv2%2Ftags&post=2015"}],"curies":[{"name":"wp","href":"https:\/\/api.w.org\/{rel}","templated":true}]}}