{"id":2011,"date":"2013-02-19T01:00:00","date_gmt":"2013-02-18T22:00:00","guid":{"rendered":"http:\/\/lemotdujour.fr\/?p=2011"},"modified":"2017-05-20T16:00:18","modified_gmt":"2017-05-20T14:00:18","slug":"mardi-19-fevrier-2013","status":"publish","type":"post","link":"https:\/\/lemotdujour.fr\/?p=2011","title":{"rendered":"Mardi 19 f\u00e9vrier 2013"},"content":{"rendered":"<div class=\"mdjDate\">Mardi 19 f\u00e9vrier 2013<\/div>\n<div class=\"mdjTexte\">\u00ab\u00a0Ce n&rsquo;est pas possible, m&rsquo;\u00e9crivez-vous ;<br \/>cela n&rsquo;est pas fran\u00e7ais.\u00a0\u00bb<\/div>\n<div class=\"mdjAuteur\">Napol\u00e9on 1er Correspondance, Lettre au g\u00e9n\u00e9ral Lemarois, 1813<\/div>\n<div class=\"mdjComplements\">Parce que cela a \u00e9t\u00e9 \u00e9crit il y a 200 ans<\/div>\n<div class=\"mdjComplements\">Parce que cela fait du bien d&rsquo;y croire<\/div>\n<div class=\"mdjComplements\">Parce que cela flatte notre vanit\u00e9 de fran\u00e7ais<\/div>\n<div class=\"mdjComplements\">Parce que la France ne s&rsquo;est toujours pas remis de cette \u00e9poque o\u00f9 il fallait que l&rsquo;Europe enti\u00e8re soit coalis\u00e9e pour pouvoir vaincre la France, le mot du jour est : \u00ab\u00a0Ce n&rsquo;est pas possible, m&rsquo;\u00e9crivez-vous ; cela n&rsquo;est pas fran\u00e7ais.\u00a0\u00bb<\/div>\n","protected":false},"excerpt":{"rendered":"<p>Mardi 19 f\u00e9vrier 2013 \u00ab\u00a0Ce n&rsquo;est pas possible, m&rsquo;\u00e9crivez-vous ;cela n&rsquo;est pas fran\u00e7ais.\u00a0\u00bb Napol\u00e9on 1er Correspondance, Lettre au g\u00e9n\u00e9ral Lemarois, 1813 Parce que cela a \u00e9t\u00e9 \u00e9crit il y a 200 ans Parce que cela fait du bien d&rsquo;y croire<\/p>\n","protected":false},"author":1,"featured_media":0,"comment_status":"closed","ping_status":"closed","sticky":false,"template":"","format":"standard","meta":{"footnotes":""},"categories":[1],"tags":[],"class_list":["post-2011","post","type-post","status-publish","format-standard","hentry","category-motdujour"],"_links":{"self":[{"href":"https:\/\/lemotdujour.fr\/index.php?rest_route=\/wp\/v2\/posts\/2011","targetHints":{"allow":["GET"]}}],"collection":[{"href":"https:\/\/lemotdujour.fr\/index.php?rest_route=\/wp\/v2\/posts"}],"about":[{"href":"https:\/\/lemotdujour.fr\/index.php?rest_route=\/wp\/v2\/types\/post"}],"author":[{"embeddable":true,"href":"https:\/\/lemotdujour.fr\/index.php?rest_route=\/wp\/v2\/users\/1"}],"replies":[{"embeddable":true,"href":"https:\/\/lemotdujour.fr\/index.php?rest_route=%2Fwp%2Fv2%2Fcomments&post=2011"}],"version-history":[{"count":1,"href":"https:\/\/lemotdujour.fr\/index.php?rest_route=\/wp\/v2\/posts\/2011\/revisions"}],"predecessor-version":[{"id":2012,"href":"https:\/\/lemotdujour.fr\/index.php?rest_route=\/wp\/v2\/posts\/2011\/revisions\/2012"}],"wp:attachment":[{"href":"https:\/\/lemotdujour.fr\/index.php?rest_route=%2Fwp%2Fv2%2Fmedia&parent=2011"}],"wp:term":[{"taxonomy":"category","embeddable":true,"href":"https:\/\/lemotdujour.fr\/index.php?rest_route=%2Fwp%2Fv2%2Fcategories&post=2011"},{"taxonomy":"post_tag","embeddable":true,"href":"https:\/\/lemotdujour.fr\/index.php?rest_route=%2Fwp%2Fv2%2Ftags&post=2011"}],"curies":[{"name":"wp","href":"https:\/\/api.w.org\/{rel}","templated":true}]}}