{"id":2003,"date":"2013-02-13T01:00:00","date_gmt":"2013-02-12T22:00:00","guid":{"rendered":"http:\/\/lemotdujour.fr\/?p=2003"},"modified":"2017-07-14T17:57:39","modified_gmt":"2017-07-14T15:57:39","slug":"mercredi-13-fevrier-2013","status":"publish","type":"post","link":"https:\/\/lemotdujour.fr\/?p=2003","title":{"rendered":"Mercredi 13 f\u00e9vrier 2013"},"content":{"rendered":"<div class=\"mdjDate\">Mercredi 13 f\u00e9vrier 2013<\/div>\n<div class=\"mdjTexte\">\u00ab\u00a0\u00catre fraternel, c\u2019est faire famille avec ceux qui ne sont pas de la famille.\u00a0\u00bb<\/div>\n<div class=\"mdjAuteur\">R\u00e9gis Debray<\/div>\n<div class=\"mdjComplements\">La devise de la R\u00e9publique est Libert\u00e9 Egalit\u00e9 Fraternit\u00e9.<\/div>\n<div class=\"mdjComplements\">On voit \u00e0 peu pr\u00e8s ce que c&rsquo;est Libert\u00e9 et Egalit\u00e9.<\/div>\n<div class=\"mdjComplements\">Mais que signifie Fraternit\u00e9 ? R\u00e9gis Debray nous l\u2019explique<\/div>\n<div><span style=\"color: #800000;\">&lt;61&gt;<\/span><\/div>\n","protected":false},"excerpt":{"rendered":"<p>Mercredi 13 f\u00e9vrier 2013 \u00ab\u00a0\u00catre fraternel, c\u2019est faire famille avec ceux qui ne sont pas de la famille.\u00a0\u00bb R\u00e9gis Debray La devise de la R\u00e9publique est Libert\u00e9 Egalit\u00e9 Fraternit\u00e9. On voit \u00e0 peu pr\u00e8s ce que c&rsquo;est Libert\u00e9 et Egalit\u00e9.<\/p>\n","protected":false},"author":1,"featured_media":0,"comment_status":"closed","ping_status":"closed","sticky":false,"template":"","format":"standard","meta":{"footnotes":""},"categories":[1],"tags":[6,3],"class_list":["post-2003","post","type-post","status-publish","format-standard","hentry","category-motdujour","tag-philosophie","tag-politique"],"_links":{"self":[{"href":"https:\/\/lemotdujour.fr\/index.php?rest_route=\/wp\/v2\/posts\/2003","targetHints":{"allow":["GET"]}}],"collection":[{"href":"https:\/\/lemotdujour.fr\/index.php?rest_route=\/wp\/v2\/posts"}],"about":[{"href":"https:\/\/lemotdujour.fr\/index.php?rest_route=\/wp\/v2\/types\/post"}],"author":[{"embeddable":true,"href":"https:\/\/lemotdujour.fr\/index.php?rest_route=\/wp\/v2\/users\/1"}],"replies":[{"embeddable":true,"href":"https:\/\/lemotdujour.fr\/index.php?rest_route=%2Fwp%2Fv2%2Fcomments&post=2003"}],"version-history":[{"count":3,"href":"https:\/\/lemotdujour.fr\/index.php?rest_route=\/wp\/v2\/posts\/2003\/revisions"}],"predecessor-version":[{"id":2772,"href":"https:\/\/lemotdujour.fr\/index.php?rest_route=\/wp\/v2\/posts\/2003\/revisions\/2772"}],"wp:attachment":[{"href":"https:\/\/lemotdujour.fr\/index.php?rest_route=%2Fwp%2Fv2%2Fmedia&parent=2003"}],"wp:term":[{"taxonomy":"category","embeddable":true,"href":"https:\/\/lemotdujour.fr\/index.php?rest_route=%2Fwp%2Fv2%2Fcategories&post=2003"},{"taxonomy":"post_tag","embeddable":true,"href":"https:\/\/lemotdujour.fr\/index.php?rest_route=%2Fwp%2Fv2%2Ftags&post=2003"}],"curies":[{"name":"wp","href":"https:\/\/api.w.org\/{rel}","templated":true}]}}