{"id":2001,"date":"2013-02-12T01:00:00","date_gmt":"2013-02-11T22:00:00","guid":{"rendered":"http:\/\/lemotdujour.fr\/?p=2001"},"modified":"2017-05-20T16:00:14","modified_gmt":"2017-05-20T14:00:14","slug":"mardi-12-fevrier-2013","status":"publish","type":"post","link":"https:\/\/lemotdujour.fr\/?p=2001","title":{"rendered":"Mardi 12 f\u00e9vrier 2013"},"content":{"rendered":"<div class=\"mdjDate\">Mardi 12 f\u00e9vrier 2013<\/div>\n<div class=\"mdjTexte\">\u00ab\u00a0Pour le pape, le plus dur c&rsquo;est de ne pas avoir d&rsquo;homologue avec qui causer boulot\u00a0\u00bb<\/div>\n<div class=\"mdjAuteur\">Jean Yanne<\/div>\n<div class=\"mdjComplements\">Apr\u00e8s l&rsquo;annonce de la d\u00e9mission du Pape, \u00e9v\u00e9nement consid\u00e9rable : le dernier pape \u00e0 avoir d\u00e9missionn\u00e9, l&rsquo;a fait en 1415. Je propose ce mot de Jean Yanne<\/div>\n<div class=\"mdjComplements\">C&rsquo;est peut \u00eatre une explication de sa lassitude.<\/div>\n<div class=\"mdjComplements\">J&rsquo;h\u00e9sitais avec celui d&rsquo;Andr\u00e9 Santini, ancien ministre et maire d&rsquo;Issy-les-Moulineaux. Mais ce mot n&rsquo;a rien \u00e0 voir avec la d\u00e9mission donc il n&rsquo;est pas en situation. Mais je vous le narre car je le trouve tr\u00e8s dr\u00f4le : \u00ab\u00a0La preuve que le pape ne conna\u00eet rien \u00e0 l&rsquo;utilisation du pr\u00e9servatif, c&rsquo;est qu&rsquo;il l&rsquo;a mis \u00e0 l&rsquo;index.\u00a0\u00bb<\/div>\n","protected":false},"excerpt":{"rendered":"<p>Mardi 12 f\u00e9vrier 2013 \u00ab\u00a0Pour le pape, le plus dur c&rsquo;est de ne pas avoir d&rsquo;homologue avec qui causer boulot\u00a0\u00bb Jean Yanne Apr\u00e8s l&rsquo;annonce de la d\u00e9mission du Pape, \u00e9v\u00e9nement consid\u00e9rable : le dernier pape \u00e0 avoir d\u00e9missionn\u00e9, l&rsquo;a fait<\/p>\n","protected":false},"author":1,"featured_media":0,"comment_status":"closed","ping_status":"closed","sticky":false,"template":"","format":"standard","meta":{"footnotes":""},"categories":[1],"tags":[],"class_list":["post-2001","post","type-post","status-publish","format-standard","hentry","category-motdujour"],"_links":{"self":[{"href":"https:\/\/lemotdujour.fr\/index.php?rest_route=\/wp\/v2\/posts\/2001","targetHints":{"allow":["GET"]}}],"collection":[{"href":"https:\/\/lemotdujour.fr\/index.php?rest_route=\/wp\/v2\/posts"}],"about":[{"href":"https:\/\/lemotdujour.fr\/index.php?rest_route=\/wp\/v2\/types\/post"}],"author":[{"embeddable":true,"href":"https:\/\/lemotdujour.fr\/index.php?rest_route=\/wp\/v2\/users\/1"}],"replies":[{"embeddable":true,"href":"https:\/\/lemotdujour.fr\/index.php?rest_route=%2Fwp%2Fv2%2Fcomments&post=2001"}],"version-history":[{"count":1,"href":"https:\/\/lemotdujour.fr\/index.php?rest_route=\/wp\/v2\/posts\/2001\/revisions"}],"predecessor-version":[{"id":2002,"href":"https:\/\/lemotdujour.fr\/index.php?rest_route=\/wp\/v2\/posts\/2001\/revisions\/2002"}],"wp:attachment":[{"href":"https:\/\/lemotdujour.fr\/index.php?rest_route=%2Fwp%2Fv2%2Fmedia&parent=2001"}],"wp:term":[{"taxonomy":"category","embeddable":true,"href":"https:\/\/lemotdujour.fr\/index.php?rest_route=%2Fwp%2Fv2%2Fcategories&post=2001"},{"taxonomy":"post_tag","embeddable":true,"href":"https:\/\/lemotdujour.fr\/index.php?rest_route=%2Fwp%2Fv2%2Ftags&post=2001"}],"curies":[{"name":"wp","href":"https:\/\/api.w.org\/{rel}","templated":true}]}}