{"id":1999,"date":"2013-02-11T01:00:00","date_gmt":"2013-02-10T22:00:00","guid":{"rendered":"http:\/\/lemotdujour.fr\/?p=1999"},"modified":"2017-05-20T16:00:12","modified_gmt":"2017-05-20T14:00:12","slug":"lundi-11-fevrier-2013","status":"publish","type":"post","link":"https:\/\/lemotdujour.fr\/?p=1999","title":{"rendered":"Lundi 11 f\u00e9vrier 2013"},"content":{"rendered":"<div class=\"mdjDate\">Lundi 11 f\u00e9vrier 2013<\/div>\n<div class=\"mdjTexte\">\u00ab\u00a0Notre union repose, selon l\u2019inspiration de l\u2019Acte Unique, sur trois principes :<br \/>la comp\u00e9tition qui stimule, <br \/>la coop\u00e9ration qui renforce, <br \/>la solidarit\u00e9 qui unit.<\/div>\n<div class=\"mdjAuteur\">Jacques Delors<\/div>\n<div class=\"mdjComplements\">Jacques Delors Intervention lors du d\u00eener ECON\/CRIS, Parlement europ\u00e9en Bruxelles, 14 mars 2011<\/div>\n<div class=\"mdjComplements\">Il me semblait utile de rappeler ces propos alors que nos chefs d&rsquo;Etat et de Gouvernement diminuent le budget de l&rsquo;Union et ainsi diminuent la solidarit\u00e9 et les moyens d&rsquo;actions de l&rsquo;Union.<\/div>\n<div class=\"mdjComplements\">Ce propos de Delors devient, d\u00e8s lors, un v\u0153u non une r\u00e9alit\u00e9&#8230;<\/div>\n","protected":false},"excerpt":{"rendered":"<p>Lundi 11 f\u00e9vrier 2013 \u00ab\u00a0Notre union repose, selon l\u2019inspiration de l\u2019Acte Unique, sur trois principes :la comp\u00e9tition qui stimule, la coop\u00e9ration qui renforce, la solidarit\u00e9 qui unit. Jacques Delors Jacques Delors Intervention lors du d\u00eener ECON\/CRIS, Parlement europ\u00e9en Bruxelles, 14<\/p>\n","protected":false},"author":1,"featured_media":0,"comment_status":"closed","ping_status":"closed","sticky":false,"template":"","format":"standard","meta":{"footnotes":""},"categories":[1],"tags":[],"class_list":["post-1999","post","type-post","status-publish","format-standard","hentry","category-motdujour"],"_links":{"self":[{"href":"https:\/\/lemotdujour.fr\/index.php?rest_route=\/wp\/v2\/posts\/1999","targetHints":{"allow":["GET"]}}],"collection":[{"href":"https:\/\/lemotdujour.fr\/index.php?rest_route=\/wp\/v2\/posts"}],"about":[{"href":"https:\/\/lemotdujour.fr\/index.php?rest_route=\/wp\/v2\/types\/post"}],"author":[{"embeddable":true,"href":"https:\/\/lemotdujour.fr\/index.php?rest_route=\/wp\/v2\/users\/1"}],"replies":[{"embeddable":true,"href":"https:\/\/lemotdujour.fr\/index.php?rest_route=%2Fwp%2Fv2%2Fcomments&post=1999"}],"version-history":[{"count":1,"href":"https:\/\/lemotdujour.fr\/index.php?rest_route=\/wp\/v2\/posts\/1999\/revisions"}],"predecessor-version":[{"id":2000,"href":"https:\/\/lemotdujour.fr\/index.php?rest_route=\/wp\/v2\/posts\/1999\/revisions\/2000"}],"wp:attachment":[{"href":"https:\/\/lemotdujour.fr\/index.php?rest_route=%2Fwp%2Fv2%2Fmedia&parent=1999"}],"wp:term":[{"taxonomy":"category","embeddable":true,"href":"https:\/\/lemotdujour.fr\/index.php?rest_route=%2Fwp%2Fv2%2Fcategories&post=1999"},{"taxonomy":"post_tag","embeddable":true,"href":"https:\/\/lemotdujour.fr\/index.php?rest_route=%2Fwp%2Fv2%2Ftags&post=1999"}],"curies":[{"name":"wp","href":"https:\/\/api.w.org\/{rel}","templated":true}]}}