{"id":1995,"date":"2013-02-05T01:00:00","date_gmt":"2013-02-04T22:00:00","guid":{"rendered":"http:\/\/lemotdujour.fr\/?p=1995"},"modified":"2017-07-14T17:55:25","modified_gmt":"2017-07-14T15:55:25","slug":"mardi-05-fevrier-2013","status":"publish","type":"post","link":"https:\/\/lemotdujour.fr\/?p=1995","title":{"rendered":"Mardi 05 f\u00e9vrier 2013"},"content":{"rendered":"<div class=\"mdjDate\">Mardi 05 f\u00e9vrier 2013<\/div>\n<div class=\"mdjTexte\">\u00ab\u00a0Un enfant n&rsquo;a jamais les parents dont il r\u00eave.<br \/>\nSeuls les enfants sans parents ont des parents de r\u00eave.\u00a0\u00bb<\/div>\n<div class=\"mdjAuteur\">Boris Cyrulnik<\/div>\n<div class=\"mdjComplements\">Lors de cette p\u00e9riode o\u00f9 les d\u00e9bats \u00e0 l&rsquo;Assembl\u00e9e Nationale \u00e9voquent la procr\u00e9ation, la parentalit\u00e9 et cette question sans r\u00e9ponse comment \u00eatre de bons parents\u00a0? et m\u00eame qui peut \u00eatre de bons parents\u00a0?<\/div>\n<div class=\"mdjComplements\">Je voudrai partager avec vous ce beau propos de Boris Cyrulnik.<\/div>\n<div><span style=\"color: #800000;\">&lt;57&gt;<\/span><\/div>\n","protected":false},"excerpt":{"rendered":"<p>Mardi 05 f\u00e9vrier 2013 \u00ab\u00a0Un enfant n&rsquo;a jamais les parents dont il r\u00eave. Seuls les enfants sans parents ont des parents de r\u00eave.\u00a0\u00bb Boris Cyrulnik Lors de cette p\u00e9riode o\u00f9 les d\u00e9bats \u00e0 l&rsquo;Assembl\u00e9e Nationale \u00e9voquent la procr\u00e9ation, la parentalit\u00e9<\/p>\n","protected":false},"author":1,"featured_media":0,"comment_status":"closed","ping_status":"closed","sticky":false,"template":"","format":"standard","meta":{"footnotes":""},"categories":[1],"tags":[38],"class_list":["post-1995","post","type-post","status-publish","format-standard","hentry","category-motdujour","tag-education"],"_links":{"self":[{"href":"https:\/\/lemotdujour.fr\/index.php?rest_route=\/wp\/v2\/posts\/1995","targetHints":{"allow":["GET"]}}],"collection":[{"href":"https:\/\/lemotdujour.fr\/index.php?rest_route=\/wp\/v2\/posts"}],"about":[{"href":"https:\/\/lemotdujour.fr\/index.php?rest_route=\/wp\/v2\/types\/post"}],"author":[{"embeddable":true,"href":"https:\/\/lemotdujour.fr\/index.php?rest_route=\/wp\/v2\/users\/1"}],"replies":[{"embeddable":true,"href":"https:\/\/lemotdujour.fr\/index.php?rest_route=%2Fwp%2Fv2%2Fcomments&post=1995"}],"version-history":[{"count":3,"href":"https:\/\/lemotdujour.fr\/index.php?rest_route=\/wp\/v2\/posts\/1995\/revisions"}],"predecessor-version":[{"id":2770,"href":"https:\/\/lemotdujour.fr\/index.php?rest_route=\/wp\/v2\/posts\/1995\/revisions\/2770"}],"wp:attachment":[{"href":"https:\/\/lemotdujour.fr\/index.php?rest_route=%2Fwp%2Fv2%2Fmedia&parent=1995"}],"wp:term":[{"taxonomy":"category","embeddable":true,"href":"https:\/\/lemotdujour.fr\/index.php?rest_route=%2Fwp%2Fv2%2Fcategories&post=1995"},{"taxonomy":"post_tag","embeddable":true,"href":"https:\/\/lemotdujour.fr\/index.php?rest_route=%2Fwp%2Fv2%2Ftags&post=1995"}],"curies":[{"name":"wp","href":"https:\/\/api.w.org\/{rel}","templated":true}]}}