{"id":1993,"date":"2013-02-04T01:00:00","date_gmt":"2013-02-03T22:00:00","guid":{"rendered":"http:\/\/lemotdujour.fr\/?p=1993"},"modified":"2017-07-14T17:51:52","modified_gmt":"2017-07-14T15:51:52","slug":"lundi-04-fevrier-2013","status":"publish","type":"post","link":"https:\/\/lemotdujour.fr\/?p=1993","title":{"rendered":"Lundi 04 f\u00e9vrier 2013"},"content":{"rendered":"<div class=\"mdjDate\">Lundi 04 f\u00e9vrier 2013<\/div>\n<div class=\"mdjTexte\">\u00ab\u00a0Nous savons bien que dans ce combat singulier<br \/>\no\u00f9 l&rsquo;homme combat pour sa sant\u00e9 et contre la maladie,<br \/>\nnous ne pouvons que gagner des batailles, et finirons toujours par perdre la guerre,<br \/>\nc&rsquo;est pourquoi gagner le plus possible de batailles<br \/>\nconstitue un d\u00e9fi noble et enthousiasmant qui m\u00e9rite d&rsquo;\u00eatre affront\u00e9.\u00a0\u00bb<\/div>\n<div class=\"mdjAuteur\">Alain Klam<\/div>\n<p><span style=\"color: #800000;\">&lt;56&gt;<\/span><\/p>\n","protected":false},"excerpt":{"rendered":"<p>Lundi 04 f\u00e9vrier 2013 \u00ab\u00a0Nous savons bien que dans ce combat singulier o\u00f9 l&rsquo;homme combat pour sa sant\u00e9 et contre la maladie, nous ne pouvons que gagner des batailles, et finirons toujours par perdre la guerre, c&rsquo;est pourquoi gagner le<\/p>\n","protected":false},"author":1,"featured_media":0,"comment_status":"closed","ping_status":"closed","sticky":false,"template":"","format":"standard","meta":{"footnotes":""},"categories":[1],"tags":[19,13],"class_list":["post-1993","post","type-post","status-publish","format-standard","hentry","category-motdujour","tag-personnel","tag-sante"],"_links":{"self":[{"href":"https:\/\/lemotdujour.fr\/index.php?rest_route=\/wp\/v2\/posts\/1993","targetHints":{"allow":["GET"]}}],"collection":[{"href":"https:\/\/lemotdujour.fr\/index.php?rest_route=\/wp\/v2\/posts"}],"about":[{"href":"https:\/\/lemotdujour.fr\/index.php?rest_route=\/wp\/v2\/types\/post"}],"author":[{"embeddable":true,"href":"https:\/\/lemotdujour.fr\/index.php?rest_route=\/wp\/v2\/users\/1"}],"replies":[{"embeddable":true,"href":"https:\/\/lemotdujour.fr\/index.php?rest_route=%2Fwp%2Fv2%2Fcomments&post=1993"}],"version-history":[{"count":3,"href":"https:\/\/lemotdujour.fr\/index.php?rest_route=\/wp\/v2\/posts\/1993\/revisions"}],"predecessor-version":[{"id":2768,"href":"https:\/\/lemotdujour.fr\/index.php?rest_route=\/wp\/v2\/posts\/1993\/revisions\/2768"}],"wp:attachment":[{"href":"https:\/\/lemotdujour.fr\/index.php?rest_route=%2Fwp%2Fv2%2Fmedia&parent=1993"}],"wp:term":[{"taxonomy":"category","embeddable":true,"href":"https:\/\/lemotdujour.fr\/index.php?rest_route=%2Fwp%2Fv2%2Fcategories&post=1993"},{"taxonomy":"post_tag","embeddable":true,"href":"https:\/\/lemotdujour.fr\/index.php?rest_route=%2Fwp%2Fv2%2Ftags&post=1993"}],"curies":[{"name":"wp","href":"https:\/\/api.w.org\/{rel}","templated":true}]}}