{"id":1989,"date":"2013-01-30T01:00:00","date_gmt":"2013-01-29T22:00:00","guid":{"rendered":"http:\/\/lemotdujour.fr\/?p=1989"},"modified":"2017-05-20T16:00:06","modified_gmt":"2017-05-20T14:00:06","slug":"mercredi-30-janvier-2013","status":"publish","type":"post","link":"https:\/\/lemotdujour.fr\/?p=1989","title":{"rendered":"Mercredi 30 janvier 2013"},"content":{"rendered":"<div class=\"mdjDate\">Mercredi 30 janvier 2013<\/div>\n<div class=\"mdjTexte\">\u00ab\u00a0L\u2019homme moral quitte la salle quand l\u2019Homo economicus y entre.\u00a0\u00bb<\/div>\n<div class=\"mdjAuteur\">Daniel Cohen Homo Economicus, Proph\u00e8te (\u00e9gar\u00e9) des temps nouveaux <br \/>Paru le 12 septembre 2012. Ed Albin Michel<\/div>\n<div class=\"mdjComplements\">Pour faire suite \u00e0 la citation d&rsquo;hier qui expliquait, par l&rsquo;exemple, le concept de commerce, cet avis de Daniel Cohen, \u00e9crit dans son dernier ouvrage d\u00e9sabus\u00e9 sur l&rsquo;Economie : \u00ab\u00a0L\u2019homme moral quitte la salle quand l\u2019Homo economicus y entre.\u00a0\u00bb<\/div>\n<div class=\"mdjComplements\"><em>Pr\u00e9sentation du livre :<\/em><\/div>\n<div class=\"mdjCiter\">La soci\u00e9t\u00e9 devient de plus en plus comp\u00e9titive, l\u2019obsession des chiffres et la manie des classements s\u2019impose partout :<br \/>l\u2019\u00e9conomie guide le monde. Mais vers quelle destination ?<\/div>\n<div class=\"mdjCiter\">Le bonheur ? Les indicateurs de satisfaction et de bien-\u00eatre stagnent ou r\u00e9gressent, dans les entreprises comme dans les couples.<\/div>\n<div class=\"mdjCiter\">L\u2019efficacit\u00e9 ? Les crises financi\u00e8res et les risques \u00e9cologiques montrent qu\u2019elle laisse beaucoup \u00e0 d\u00e9sirer !<\/div>\n<div class=\"mdjCiter\">La libert\u00e9 ? Non plus, tous ceux qui ont pari\u00e9 que la prosp\u00e9rit\u00e9 m\u00e8nerait \u00e0 la d\u00e9mocratie se sont tromp\u00e9s : ce sont les crises qui renversent les tyrans.<\/div>\n<div class=\"mdjCiter\">En v\u00e9rit\u00e9, l\u2019\u00e9conomie tend \u00e0 imposer son propre mod\u00e8le : celui o\u00f9 la comp\u00e9tition l\u2019emporte sur la coop\u00e9ration ; o\u00f9 la richesse acquise renforce le besoin d\u2019en accumuler davantage ; o\u00f9, au final, une esp\u00e8ce \u00e9trange, celle des Homo economicus, se hisse au-dessus des autres, propageant partout sa logique neo-darwinienne.<\/div>\n<div class=\"mdjCiter\">Prolongeant les analyses de son pr\u00e9c\u00e9dent livre, La Prosp\u00e9rit\u00e9 du Vice, l\u2019auteur nous entra\u00eene dans une r\u00e9flexion sur le rapport entre la qu\u00eate du bonheur individuel et la marche des soci\u00e9t\u00e9s.<\/div>\n<div class=\"mdjCiter\">Passant de la Rome antique au P\u00e9kin d\u2019aujourd\u2019hui, scrutant les enjeux des r\u00e9volutions num\u00e9rique et g\u00e9n\u00e9tique, il nous dresse une vaste carte des plaisirs et des peines du monde contemporain.<\/div>\n<div class=\"mdjComplements\">Et voici un entretien publi\u00e9 sur le site du Monde \u00e0 propos de cet essai\u00a0: <a href=\"http:\/\/www.lemonde.fr\/culture\/article\/2012\/09\/06\/la-richesse-est-considerable-mais-le-sentiment-de-privation-intact_1756742_3246.html\">http:\/\/www.lemonde.fr\/culture\/article\/2012\/09\/06\/la-richesse-est-considerable-mais-le-sentiment-de-privation-intact_1756742_3246.html<\/a><\/div>\n","protected":false},"excerpt":{"rendered":"<p>Mercredi 30 janvier 2013 \u00ab\u00a0L\u2019homme moral quitte la salle quand l\u2019Homo economicus y entre.\u00a0\u00bb Daniel Cohen Homo Economicus, Proph\u00e8te (\u00e9gar\u00e9) des temps nouveaux Paru le 12 septembre 2012. Ed Albin Michel Pour faire suite \u00e0 la citation d&rsquo;hier qui expliquait,<\/p>\n","protected":false},"author":1,"featured_media":0,"comment_status":"closed","ping_status":"closed","sticky":false,"template":"","format":"standard","meta":{"footnotes":""},"categories":[1],"tags":[],"class_list":["post-1989","post","type-post","status-publish","format-standard","hentry","category-motdujour"],"_links":{"self":[{"href":"https:\/\/lemotdujour.fr\/index.php?rest_route=\/wp\/v2\/posts\/1989","targetHints":{"allow":["GET"]}}],"collection":[{"href":"https:\/\/lemotdujour.fr\/index.php?rest_route=\/wp\/v2\/posts"}],"about":[{"href":"https:\/\/lemotdujour.fr\/index.php?rest_route=\/wp\/v2\/types\/post"}],"author":[{"embeddable":true,"href":"https:\/\/lemotdujour.fr\/index.php?rest_route=\/wp\/v2\/users\/1"}],"replies":[{"embeddable":true,"href":"https:\/\/lemotdujour.fr\/index.php?rest_route=%2Fwp%2Fv2%2Fcomments&post=1989"}],"version-history":[{"count":1,"href":"https:\/\/lemotdujour.fr\/index.php?rest_route=\/wp\/v2\/posts\/1989\/revisions"}],"predecessor-version":[{"id":1990,"href":"https:\/\/lemotdujour.fr\/index.php?rest_route=\/wp\/v2\/posts\/1989\/revisions\/1990"}],"wp:attachment":[{"href":"https:\/\/lemotdujour.fr\/index.php?rest_route=%2Fwp%2Fv2%2Fmedia&parent=1989"}],"wp:term":[{"taxonomy":"category","embeddable":true,"href":"https:\/\/lemotdujour.fr\/index.php?rest_route=%2Fwp%2Fv2%2Fcategories&post=1989"},{"taxonomy":"post_tag","embeddable":true,"href":"https:\/\/lemotdujour.fr\/index.php?rest_route=%2Fwp%2Fv2%2Ftags&post=1989"}],"curies":[{"name":"wp","href":"https:\/\/api.w.org\/{rel}","templated":true}]}}