{"id":1987,"date":"2013-01-29T01:00:00","date_gmt":"2013-01-28T22:00:00","guid":{"rendered":"http:\/\/lemotdujour.fr\/?p=1987"},"modified":"2017-05-20T16:00:05","modified_gmt":"2017-05-20T14:00:05","slug":"mardi-29-janvier-2013","status":"publish","type":"post","link":"https:\/\/lemotdujour.fr\/?p=1987","title":{"rendered":"Mardi 29 janvier 2013"},"content":{"rendered":"<div class=\"mdjDate\">Mardi 29 janvier 2013<\/div>\n<div class=\"mdjTexte\">\u00ab\u00a0Le commerce, Ce n&rsquo;est pas vendre un bijou que l&rsquo;on a, \u00e0 une femme qui le d\u00e9sire, <br \/>c&rsquo;est vendre un bijou que l&rsquo;on ne poss\u00e8de pas, \u00e0 une femme qui ne le d\u00e9sire pas\u00a0\u00bb<\/div>\n<div class=\"mdjAuteur\">Proverbe Juif<\/div>\n<div class=\"mdjComplements\">Cit\u00e9 par Jacques Attali dans son livre Les Juifs, le monde et l&rsquo;argent<\/div>\n","protected":false},"excerpt":{"rendered":"<p>Mardi 29 janvier 2013 \u00ab\u00a0Le commerce, Ce n&rsquo;est pas vendre un bijou que l&rsquo;on a, \u00e0 une femme qui le d\u00e9sire, c&rsquo;est vendre un bijou que l&rsquo;on ne poss\u00e8de pas, \u00e0 une femme qui ne le d\u00e9sire pas\u00a0\u00bb Proverbe Juif<\/p>\n","protected":false},"author":1,"featured_media":0,"comment_status":"closed","ping_status":"closed","sticky":false,"template":"","format":"standard","meta":{"footnotes":""},"categories":[1],"tags":[],"class_list":["post-1987","post","type-post","status-publish","format-standard","hentry","category-motdujour"],"_links":{"self":[{"href":"https:\/\/lemotdujour.fr\/index.php?rest_route=\/wp\/v2\/posts\/1987","targetHints":{"allow":["GET"]}}],"collection":[{"href":"https:\/\/lemotdujour.fr\/index.php?rest_route=\/wp\/v2\/posts"}],"about":[{"href":"https:\/\/lemotdujour.fr\/index.php?rest_route=\/wp\/v2\/types\/post"}],"author":[{"embeddable":true,"href":"https:\/\/lemotdujour.fr\/index.php?rest_route=\/wp\/v2\/users\/1"}],"replies":[{"embeddable":true,"href":"https:\/\/lemotdujour.fr\/index.php?rest_route=%2Fwp%2Fv2%2Fcomments&post=1987"}],"version-history":[{"count":1,"href":"https:\/\/lemotdujour.fr\/index.php?rest_route=\/wp\/v2\/posts\/1987\/revisions"}],"predecessor-version":[{"id":1988,"href":"https:\/\/lemotdujour.fr\/index.php?rest_route=\/wp\/v2\/posts\/1987\/revisions\/1988"}],"wp:attachment":[{"href":"https:\/\/lemotdujour.fr\/index.php?rest_route=%2Fwp%2Fv2%2Fmedia&parent=1987"}],"wp:term":[{"taxonomy":"category","embeddable":true,"href":"https:\/\/lemotdujour.fr\/index.php?rest_route=%2Fwp%2Fv2%2Fcategories&post=1987"},{"taxonomy":"post_tag","embeddable":true,"href":"https:\/\/lemotdujour.fr\/index.php?rest_route=%2Fwp%2Fv2%2Ftags&post=1987"}],"curies":[{"name":"wp","href":"https:\/\/api.w.org\/{rel}","templated":true}]}}