{"id":1983,"date":"2013-01-25T01:00:00","date_gmt":"2013-01-24T22:00:00","guid":{"rendered":"http:\/\/lemotdujour.fr\/?p=1983"},"modified":"2017-05-20T16:00:03","modified_gmt":"2017-05-20T14:00:03","slug":"vendredi-25-janvier-2013","status":"publish","type":"post","link":"https:\/\/lemotdujour.fr\/?p=1983","title":{"rendered":"Vendredi 25 janvier 2013"},"content":{"rendered":"<div class=\"mdjDate\">Vendredi 25 janvier 2013<\/div>\n<div class=\"mdjTexte\">\u00ab Nous le peuple, on comprend que le pays ne peut r\u00e9ussir quand une minorit\u00e9 de plus en plus r\u00e9duite va bien <br \/>tandis qu&rsquo;une majorit\u00e9 de plus en plus large a du mal. <br \/>La prosp\u00e9rit\u00e9 am\u00e9ricaine repose sur les \u00e9paules larges d&rsquo;une classe moyenne \u00bb.<\/div>\n<div class=\"mdjAuteur\">Barack Obama, discours inaugural \u00e0 son second mandat le 21 janvier 2013<\/div>\n","protected":false},"excerpt":{"rendered":"<p>Vendredi 25 janvier 2013 \u00ab Nous le peuple, on comprend que le pays ne peut r\u00e9ussir quand une minorit\u00e9 de plus en plus r\u00e9duite va bien tandis qu&rsquo;une majorit\u00e9 de plus en plus large a du mal. La prosp\u00e9rit\u00e9 am\u00e9ricaine<\/p>\n","protected":false},"author":1,"featured_media":0,"comment_status":"closed","ping_status":"closed","sticky":false,"template":"","format":"standard","meta":{"footnotes":""},"categories":[1],"tags":[],"class_list":["post-1983","post","type-post","status-publish","format-standard","hentry","category-motdujour"],"_links":{"self":[{"href":"https:\/\/lemotdujour.fr\/index.php?rest_route=\/wp\/v2\/posts\/1983","targetHints":{"allow":["GET"]}}],"collection":[{"href":"https:\/\/lemotdujour.fr\/index.php?rest_route=\/wp\/v2\/posts"}],"about":[{"href":"https:\/\/lemotdujour.fr\/index.php?rest_route=\/wp\/v2\/types\/post"}],"author":[{"embeddable":true,"href":"https:\/\/lemotdujour.fr\/index.php?rest_route=\/wp\/v2\/users\/1"}],"replies":[{"embeddable":true,"href":"https:\/\/lemotdujour.fr\/index.php?rest_route=%2Fwp%2Fv2%2Fcomments&post=1983"}],"version-history":[{"count":1,"href":"https:\/\/lemotdujour.fr\/index.php?rest_route=\/wp\/v2\/posts\/1983\/revisions"}],"predecessor-version":[{"id":1984,"href":"https:\/\/lemotdujour.fr\/index.php?rest_route=\/wp\/v2\/posts\/1983\/revisions\/1984"}],"wp:attachment":[{"href":"https:\/\/lemotdujour.fr\/index.php?rest_route=%2Fwp%2Fv2%2Fmedia&parent=1983"}],"wp:term":[{"taxonomy":"category","embeddable":true,"href":"https:\/\/lemotdujour.fr\/index.php?rest_route=%2Fwp%2Fv2%2Fcategories&post=1983"},{"taxonomy":"post_tag","embeddable":true,"href":"https:\/\/lemotdujour.fr\/index.php?rest_route=%2Fwp%2Fv2%2Ftags&post=1983"}],"curies":[{"name":"wp","href":"https:\/\/api.w.org\/{rel}","templated":true}]}}